{"id":118,"date":"2023-02-16T20:00:00","date_gmt":"2023-02-16T20:00:00","guid":{"rendered":"https:\/\/teid.dk\/tr\/?p=118"},"modified":"2023-11-05T14:58:30","modified_gmt":"2023-11-05T14:58:30","slug":"depremde-hayatlarini-kaybedenler-icin-kopenhagda-anma-toreni","status":"publish","type":"post","link":"https:\/\/teid.dk\/tr\/2023\/02\/16\/depremde-hayatlarini-kaybedenler-icin-kopenhagda-anma-toreni\/","title":{"rendered":"Haber.dk: Depremde hayatlar\u0131n\u0131 kaybedenler i\u00e7in Kopenhag\u2019da anma t\u00f6reni"},"content":{"rendered":"\n<p>Danimarka\u2019n\u0131n ba\u015fkenti Kopenhag\u2019da, T\u00fcrkiye ve Suriye\u2019de hayatlar\u0131n\u0131 kaybedenler i\u00e7in 19 \u015eubat Pazar g\u00fcn\u00fc parlamento binas\u0131 \u00f6n\u00fcnde bir anma t\u00f6reni d\u00fczenleniyor.<\/p>\n\n\n\n<figure class=\"wp-block-image size-full\"><img loading=\"lazy\" decoding=\"async\" width=\"740\" height=\"438\" src=\"https:\/\/teid.dk\/tr\/wp-content\/uploads\/sites\/4\/2023\/11\/16Subat2023_Haberdk_1.jpg\" alt=\"\" class=\"wp-image-119\" srcset=\"https:\/\/teid.dk\/tr\/wp-content\/uploads\/sites\/4\/2023\/11\/16Subat2023_Haberdk_1.jpg 740w, https:\/\/teid.dk\/tr\/wp-content\/uploads\/sites\/4\/2023\/11\/16Subat2023_Haberdk_1-300x178.jpg 300w\" sizes=\"auto, (max-width: 740px) 100vw, 740px\" \/><figcaption class=\"wp-element-caption\">Foto: AA<\/figcaption><\/figure>\n\n\n\n<p>Sava\u015f KARAKAPLAN, Haber.dk<\/p>\n\n\n\n<p>KOPENHAG \u2013 Danimarka\u2019da\u2019ki Turk Expatlar Derne\u011fi\u2019nin \u2013 TEID (Turkish Expats in Denmark) giri\u015fimiyle ba\u015fkent Kopenhag\u2019da parlamento binas\u0131 Christiansborg Slot \u00f6n\u00fcnde 19 \u015eubat Pazar g\u00fcn\u00fc saat 12.00 -14.00 aras\u0131 bir anma toplant\u0131s\u0131 d\u00fczenleniyor.<\/p>\n\n\n\n<p>TC Kopenhag B\u00fcy\u00fckel\u00e7isi Hakan Tekin\u2019in de kat\u0131laca\u011f\u0131 anma t\u00f6renine Kopenhag\u2019da bulunan yabanc\u0131 \u00fclke temsilcilileri ile Danimarka ba\u015fbakan\u0131 Mette Frederiksen ve bakanlar da davet edildi.<\/p>\n\n\n\n<figure class=\"wp-block-image size-full\"><img loading=\"lazy\" decoding=\"async\" width=\"740\" height=\"468\" src=\"https:\/\/teid.dk\/tr\/wp-content\/uploads\/sites\/4\/2023\/11\/16Subat2023_Haberdk_2.jpg\" alt=\"\" class=\"wp-image-120\" srcset=\"https:\/\/teid.dk\/tr\/wp-content\/uploads\/sites\/4\/2023\/11\/16Subat2023_Haberdk_2.jpg 740w, https:\/\/teid.dk\/tr\/wp-content\/uploads\/sites\/4\/2023\/11\/16Subat2023_Haberdk_2-300x190.jpg 300w\" sizes=\"auto, (max-width: 740px) 100vw, 740px\" \/><figcaption class=\"wp-element-caption\">TC Kopenhag B\u00fcy\u00fckel\u00e7isi Hakan Tekin<\/figcaption><\/figure>\n\n\n\n<p>Dernek, anma t\u00f6reni ile ilgili bir bas\u0131n a\u00e7\u0131klamas\u0131 yay\u0131nlad\u0131. A\u00e7\u0131klamada \u015funlar yerald\u0131:<\/p>\n\n\n\n<p>\u201dDanimarka\u2019daki T\u00fcrkler, T\u00fcrkiye ve Suriye\u2019deki y\u0131k\u0131c\u0131 depremlerden sonra herkesi destek olmaya \u00e7a\u011f\u0131r\u0131yor.<\/p>\n\n\n\n<figure class=\"wp-block-image size-full\"><img loading=\"lazy\" decoding=\"async\" width=\"740\" height=\"692\" src=\"https:\/\/teid.dk\/tr\/wp-content\/uploads\/sites\/4\/2023\/11\/16Subat2023_Haberdk_3.jpg\" alt=\"\" class=\"wp-image-121\" srcset=\"https:\/\/teid.dk\/tr\/wp-content\/uploads\/sites\/4\/2023\/11\/16Subat2023_Haberdk_3.jpg 740w, https:\/\/teid.dk\/tr\/wp-content\/uploads\/sites\/4\/2023\/11\/16Subat2023_Haberdk_3-300x281.jpg 300w\" sizes=\"auto, (max-width: 740px) 100vw, 740px\" \/><\/figure>\n\n\n\n<p><em>T\u00fcrkiye\u2019nin g\u00fcneydo\u011fusu ve Suriye\u2019nin kuzeyinde 10\u2019dan fazla \u015fehri yerle bir eden, 35.000\u2019den fazla insan\u0131n hayat\u0131n\u0131 kaybetmesine, 80.000\u2019den fazla insan\u0131n yaralanmas\u0131na neden olan iki b\u00fcy\u00fck depremin ard\u0131ndan bir\u00e7ok \u00fclke depremden etkilenen b\u00f6lgelere destek vermek i\u00e7in bir araya geldi. Ya\u015fam\u0131n\u0131 yitirenlerin say\u0131s\u0131n\u0131n giderek artt\u0131\u011f\u0131 7,7 ve 7,5 b\u00fcy\u00fckl\u00fc\u011f\u00fcndeki depremlerde binlerce binan\u0131n ya\u015fanamayacak hale gelmesi ve s\u0131f\u0131r\u0131n alt\u0131ndaki s\u0131cakl\u0131klar sonucunda ortaya \u00e7\u0131kan ciddi bar\u0131nma sorunu sebebiyle b\u00f6lgede g\u00f6r\u00fclebilecek hastal\u0131klara kar\u015f\u0131 \u00f6nlemler al\u0131nmaya \u00e7al\u0131\u015f\u0131l\u0131yor.<\/em><\/p>\n\n\n\n<p><em>T\u00fcrkiye Cumhuriyeti; AFAD, K\u0131z\u0131lay gibi devlet kurulu\u015flar\u0131n\u0131n yan\u0131 s\u0131ra AHBAP, AKUT gibi sivil toplum kurulu\u015flar\u0131 ve uluslararas\u0131 kurulu\u015flarla birlikte, depremden etkilenenlere yard\u0131m ula\u015ft\u0131rmak i\u00e7in durmaks\u0131z\u0131n \u00e7al\u0131\u015f\u0131yor. On binlerce vatanda\u015f di\u011fer illere tahliye edilirken, g\u00f6n\u00fcll\u00fclerin de deste\u011fiyle ihtiya\u00e7 sahiplerine yard\u0131mlar da\u011f\u0131t\u0131l\u0131yor. Bu zor zamanda, uluslararas\u0131 toplumun ihtiya\u00e7 sahiplerini desteklemek i\u00e7in bir araya geldi\u011fini g\u00f6rmek bizleri de y\u00fcreklendiriyor.<\/em><\/p>\n\n\n\n<p><em>Bu nedenle Danimarka\u2019daki T\u00fcrkler olarak, T\u00fcrkiye\u2019ye destek veren t\u00fcm kurum ve ki\u015filere te\u015fekk\u00fcr ediyor, herkesi 19 \u015eubat \u00f6\u011flen saat 12:00\u2019de Christiansborg Slot\u2019ta d\u00fczenleyece\u011fimiz anma etkinli\u011fine kat\u0131lmaya \u00e7a\u011f\u0131r\u0131yoruz. Deste\u011finizi g\u00f6stermek i\u00e7in \u00e7i\u00e7ek ve mum getirebilir, T\u00fcrkiye ve Danimarka bayraklar\u0131yla dayan\u0131\u015fma ruhunu ya\u015fatabilirsiniz. Sayg\u0131 duru\u015fu ve konu\u015fmalar\u0131n yap\u0131laca\u011f\u0131 anma etkinli\u011fine herhangi bir siyasi veya kurumsal bayrak getirilmemesi \u00f6nemle rica olunur.\u201d<\/em><\/p>\n\n\n\n<p>Anma t\u00f6reni ile ilgili olarak daha fazla bilginin <a href=\"https:\/\/www.danimarka101.com\">https:\/\/www.danimarka101.com<\/a> web sitesinden ve <a href=\"https:\/\/www.instagram.com\/danimarka101\/\">https:\/\/www.instagram.com\/danimarka101\/<\/a> hesab\u0131 takip edebilir veya Danimarka\u2019da ki T\u00fcrk Expatlar Derne\u011fi \u2013 TEID (Turkish Expats in Denmark) ile <a href=\"mailto:community@danimarka101.com\">community@danimarka101.com<\/a> adresinden ileti\u015fime ge\u00e7ilebilinece\u011fi bildirildi.<\/p>\n\n\n\n<p>Kaynak: <a href=\"https:\/\/haber.dk\/turkiye-ve-suriyedeki-depremde-hayatlarini-kaybedenler-icin-anma-toreni\/29250\">https:\/\/haber.dk\/turkiye-ve-suriyedeki-depremde-hayatlarini-kaybedenler-icin-anma-toreni\/29250<\/a><\/p>\n","protected":false},"excerpt":{"rendered":"<p>Danimarka\u2019n\u0131n ba\u015fkenti Kopenhag\u2019da, T\u00fcrkiye ve Suriye\u2019de hayatlar\u0131n\u0131 kaybedenler i\u00e7in 19 \u015eubat Pazar g\u00fcn\u00fc parlamento binas\u0131 \u00f6n\u00fcnde bir anma t\u00f6reni d\u00fczenleniyor. Sava\u015f KARAKAPLAN, Haber.dk KOPENHAG \u2013 Danimarka\u2019da\u2019ki Turk Expatlar Derne\u011fi\u2019nin \u2013 TEID (Turkish Expats in Denmark) giri\u015fimiyle ba\u015fkent Kopenhag\u2019da parlamento binas\u0131 Christiansborg Slot \u00f6n\u00fcnde 19 \u015eubat Pazar g\u00fcn\u00fc saat 12.00 -14.00 aras\u0131 bir anma toplant\u0131s\u0131 d\u00fczenleniyor. [&hellip;]<\/p>\n","protected":false},"author":1,"featured_media":121,"comment_status":"open","ping_status":"open","sticky":false,"template":"","format":"standard","meta":{"site-container-style":"default","site-container-layout":"default","site-sidebar-layout":"default","disable-article-header":"default","disable-site-header":"default","disable-site-footer":"default","disable-content-area-spacing":"default","_jetpack_memberships_contains_paid_content":false,"footnotes":""},"categories":[3],"tags":[],"class_list":["post-118","post","type-post","status-publish","format-standard","has-post-thumbnail","hentry","category-basinda-biz"],"jetpack_featured_media_url":"https:\/\/teid.dk\/tr\/wp-content\/uploads\/sites\/4\/2023\/11\/16Subat2023_Haberdk_3.jpg","jetpack_sharing_enabled":true,"_links":{"self":[{"href":"https:\/\/teid.dk\/tr\/wp-json\/wp\/v2\/posts\/118","targetHints":{"allow":["GET"]}}],"collection":[{"href":"https:\/\/teid.dk\/tr\/wp-json\/wp\/v2\/posts"}],"about":[{"href":"https:\/\/teid.dk\/tr\/wp-json\/wp\/v2\/types\/post"}],"author":[{"embeddable":true,"href":"https:\/\/teid.dk\/tr\/wp-json\/wp\/v2\/users\/1"}],"replies":[{"embeddable":true,"href":"https:\/\/teid.dk\/tr\/wp-json\/wp\/v2\/comments?post=118"}],"version-history":[{"count":2,"href":"https:\/\/teid.dk\/tr\/wp-json\/wp\/v2\/posts\/118\/revisions"}],"predecessor-version":[{"id":145,"href":"https:\/\/teid.dk\/tr\/wp-json\/wp\/v2\/posts\/118\/revisions\/145"}],"wp:featuredmedia":[{"embeddable":true,"href":"https:\/\/teid.dk\/tr\/wp-json\/wp\/v2\/media\/121"}],"wp:attachment":[{"href":"https:\/\/teid.dk\/tr\/wp-json\/wp\/v2\/media?parent=118"}],"wp:term":[{"taxonomy":"category","embeddable":true,"href":"https:\/\/teid.dk\/tr\/wp-json\/wp\/v2\/categories?post=118"},{"taxonomy":"post_tag","embeddable":true,"href":"https:\/\/teid.dk\/tr\/wp-json\/wp\/v2\/tags?post=118"}],"curies":[{"name":"wp","href":"https:\/\/api.w.org\/{rel}","templated":true}]}}