{"id":123,"date":"2023-02-19T20:00:00","date_gmt":"2023-02-19T20:00:00","guid":{"rendered":"https:\/\/teid.dk\/tr\/?p=123"},"modified":"2023-11-05T14:58:12","modified_gmt":"2023-11-05T14:58:12","slug":"depremde-yasamlarini-yitirenler-kopenhagda-anildi","status":"publish","type":"post","link":"https:\/\/teid.dk\/tr\/2023\/02\/19\/depremde-yasamlarini-yitirenler-kopenhagda-anildi\/","title":{"rendered":"Haber.dk: Depremde ya\u015famlar\u0131n\u0131 yitirenler Kopenhag\u2019da an\u0131ld\u0131"},"content":{"rendered":"\n<p>T\u00fcrkiye ve Suriye\u2019deki deprem felaketinde hayatlar\u0131n\u0131 kaybedenler i\u00e7in Danimarka\u2019n\u0131n ba\u015fkenti Kopenhag\u2019da 19 \u015eubat Pazar g\u00fcn\u00fc d\u00fczenlenen anma t\u00f6reninde kat\u0131l\u0131mc\u0131lar her iki \u00fclkenin ac\u0131lar\u0131n\u0131 payla\u015ft\u0131 ve dayan\u0131\u015fma i\u00e7inde olduklar\u0131n\u0131 g\u00f6sterdi.<\/p>\n\n\n\n<figure class=\"wp-block-image size-large\"><img loading=\"lazy\" decoding=\"async\" width=\"1024\" height=\"621\" src=\"https:\/\/teid.dk\/tr\/wp-content\/uploads\/sites\/4\/2023\/11\/19Subat2023_Haberdk_1-1024x621.jpg\" alt=\"\" class=\"wp-image-124\" srcset=\"https:\/\/teid.dk\/tr\/wp-content\/uploads\/sites\/4\/2023\/11\/19Subat2023_Haberdk_1-1024x621.jpg 1024w, https:\/\/teid.dk\/tr\/wp-content\/uploads\/sites\/4\/2023\/11\/19Subat2023_Haberdk_1-300x182.jpg 300w, https:\/\/teid.dk\/tr\/wp-content\/uploads\/sites\/4\/2023\/11\/19Subat2023_Haberdk_1-768x465.jpg 768w, https:\/\/teid.dk\/tr\/wp-content\/uploads\/sites\/4\/2023\/11\/19Subat2023_Haberdk_1.jpg 1320w\" sizes=\"auto, (max-width: 1024px) 100vw, 1024px\" \/><figcaption class=\"wp-element-caption\">Foto: https:\/\/www.facebook.com\/pinarlauridsen<\/figcaption><\/figure>\n\n\n\n<p>Sava\u015f KARAKAPLAN, Haber.dk<\/p>\n\n\n\n<p>KOPENHAG \u2013 Danimarka\u2019n\u0131n ba\u015fkenti Kopenhag\u2019da, T\u00fcrkiye ve Suriye\u2019de hayatlar\u0131n\u0131 kaybedenler i\u00e7in 19 \u015eubat Pazar g\u00fcn\u00fc parlamento binas\u0131 Christiansborg Slot \u00f6n\u00fcnde bir anma t\u00f6reni d\u00fczenlendi. Anma t\u00f6reninde bir dakikal\u0131k sayg\u0131 duru\u015fu yap\u0131ld\u0131 ve ard\u0131ndan t\u00f6renin yap\u0131ld\u0131\u011f\u0131 yere kat\u0131l\u0131mc\u0131lar taraf\u0131ndan \u00e7i\u00e7ekler b\u0131rak\u0131ld\u0131.<\/p>\n\n\n\n<figure class=\"wp-block-image size-full\"><img loading=\"lazy\" decoding=\"async\" width=\"740\" height=\"427\" src=\"https:\/\/teid.dk\/tr\/wp-content\/uploads\/sites\/4\/2023\/11\/19Subat2023_Haberdk_2.jpg\" alt=\"\" class=\"wp-image-125\" srcset=\"https:\/\/teid.dk\/tr\/wp-content\/uploads\/sites\/4\/2023\/11\/19Subat2023_Haberdk_2.jpg 740w, https:\/\/teid.dk\/tr\/wp-content\/uploads\/sites\/4\/2023\/11\/19Subat2023_Haberdk_2-300x173.jpg 300w\" sizes=\"auto, (max-width: 740px) 100vw, 740px\" \/><figcaption class=\"wp-element-caption\">TC Kopenhag B\u00fcy\u00fckel\u00e7isi Hakan Tekin, Danimarka Kalk\u0131nma ve K\u00fcresel iklim politikas\u0131ndan sorumlu bakan Dan J\u00f6rgensen \u2013 Foto: Sava\u015f Karakaplan, Haber.dk<\/figcaption><\/figure>\n\n\n\n<p>Danimarka\u2019da\u2019ki Turk Expatlar Derne\u011fi\u2019nin \u2013 TEID (Turkish Expats in Denmark) organize etti\u011fi anma t\u00f6renine ba\u015fta TC Kopenhag B\u00fcy\u00fckel\u00e7isi Hakan Tekin, Danimarka Kalk\u0131nma ve K\u00fcresel iklim politikas\u0131ndan sorumlu bakan Dan J\u00f6rgensen, Danimarka AB Temsilcisi \u0130da Hannibal, Kopenhag B\u00fcy\u00fck\u015fehir Belediye Ba\u015fkan\u0131 Sophie H\u00e6storp Andersen ve D\u0131\u015fi\u015fleri Bakanl\u0131\u011f\u0131\u2019ndan temsilci olarak Henrik Winther olmak \u00fczere yabanc\u0131 \u00fclkelerin temsilcileri, milletvekilleri ve vatanda\u015flar kat\u0131ld\u0131.<\/p>\n\n\n\n<figure class=\"wp-block-image size-full\"><img loading=\"lazy\" decoding=\"async\" width=\"740\" height=\"455\" src=\"https:\/\/teid.dk\/tr\/wp-content\/uploads\/sites\/4\/2023\/11\/19Subat2023_Haberdk_3.jpg\" alt=\"\" class=\"wp-image-126\" srcset=\"https:\/\/teid.dk\/tr\/wp-content\/uploads\/sites\/4\/2023\/11\/19Subat2023_Haberdk_3.jpg 740w, https:\/\/teid.dk\/tr\/wp-content\/uploads\/sites\/4\/2023\/11\/19Subat2023_Haberdk_3-300x184.jpg 300w\" sizes=\"auto, (max-width: 740px) 100vw, 740px\" \/><figcaption class=\"wp-element-caption\">Foto: Sava\u015f Karakaplan, Haber.dk<\/figcaption><\/figure>\n\n\n\n<p>T\u00f6rende bir konu\u015fma yapan B\u00fcy\u00fckel\u00e7i Hakan Tekin, uluslararas\u0131 toplumun ve Danimarka toplumunun g\u00f6sterdi\u011fi duyarl\u0131l\u0131\u011fa, dayan\u0131\u015fmaya ve deste\u011fe te\u015fekk\u00fcr etti. Tekin Danimarkal\u0131 yetkililere, Danimarkal\u0131 ve T\u00fcrk sivil toplum kurulu\u015flar\u0131na ve \u015firketlere ve bu \u00fclkede ya\u015fayan yurtta\u015flar\u0131m\u0131za yapt\u0131klar\u0131 yard\u0131mlardan dolay\u0131 ayr\u0131ca te\u015fekk\u00fcr etti. Tekin, yak\u0131n bir zamanda T\u00fcrkiye\u2019ye yard\u0131mda bulunan Danimarkal\u0131 kurulu\u015flara ve \u015firketlere te\u015fekk\u00fcr ziyaretinde bulunaca\u011f\u0131n\u0131 belirtti.<\/p>\n\n\n\n<figure class=\"wp-block-image size-full\"><img loading=\"lazy\" decoding=\"async\" width=\"740\" height=\"437\" src=\"https:\/\/teid.dk\/tr\/wp-content\/uploads\/sites\/4\/2023\/11\/19Subat2023_Haberdk_4.jpg\" alt=\"\" class=\"wp-image-127\" srcset=\"https:\/\/teid.dk\/tr\/wp-content\/uploads\/sites\/4\/2023\/11\/19Subat2023_Haberdk_4.jpg 740w, https:\/\/teid.dk\/tr\/wp-content\/uploads\/sites\/4\/2023\/11\/19Subat2023_Haberdk_4-300x177.jpg 300w\" sizes=\"auto, (max-width: 740px) 100vw, 740px\" \/><figcaption class=\"wp-element-caption\">Foto: Sava\u015f Karakaplan, Haber.dk<\/figcaption><\/figure>\n\n\n\n<p>Kalk\u0131nma ve K\u00fcresel iklim politikas\u0131ndan sorumlu bakan Dan J\u00f6rgensen, anma toplant\u0131s\u0131nda bir konu\u015fma yapt\u0131. J\u00f6rgensen, konu\u015fmas\u0131nda T\u00fcrkiye\u2019de ya\u015fan\u0131lan deprem felaketinin ac\u0131lar\u0131n\u0131 payla\u015ft\u0131klar\u0131n\u0131 ve T\u00fcrkiye\u2019ye yard\u0131mda bulunduklar\u0131n\u0131 dile getirdi.<\/p>\n\n\n\n<figure class=\"wp-block-image size-full\"><img loading=\"lazy\" decoding=\"async\" width=\"740\" height=\"428\" src=\"https:\/\/teid.dk\/tr\/wp-content\/uploads\/sites\/4\/2023\/11\/19Subat2023_Haberdk_5.jpg\" alt=\"\" class=\"wp-image-128\" srcset=\"https:\/\/teid.dk\/tr\/wp-content\/uploads\/sites\/4\/2023\/11\/19Subat2023_Haberdk_5.jpg 740w, https:\/\/teid.dk\/tr\/wp-content\/uploads\/sites\/4\/2023\/11\/19Subat2023_Haberdk_5-300x174.jpg 300w\" sizes=\"auto, (max-width: 740px) 100vw, 740px\" \/><figcaption class=\"wp-element-caption\">Foto: https:\/\/www.facebook.com\/pinarlauridsen<\/figcaption><\/figure>\n\n\n\n<p>T\u00f6rende konu\u015fan Kopenhag B\u00fcy\u00fck\u015fehir Belediye Ba\u015fkan\u0131 Sophie H\u00e6storp Andersen de, T\u00fcrkiye\u2019nin ac\u0131lar\u0131na ortak olduklar\u0131n\u0131 belirterek, hayat\u0131n\u0131 kaybedenler i\u00e7in Danimarka\u2019daki ve T\u00fcrkiye\u2019deki halka ba\u015fsa\u011fl\u0131\u011f\u0131 diledi.<\/p>\n\n\n\n<figure class=\"wp-block-image size-full\"><img loading=\"lazy\" decoding=\"async\" width=\"740\" height=\"416\" src=\"https:\/\/teid.dk\/tr\/wp-content\/uploads\/sites\/4\/2023\/11\/19Subat2023_Haberdk_6.jpg\" alt=\"\" class=\"wp-image-129\" srcset=\"https:\/\/teid.dk\/tr\/wp-content\/uploads\/sites\/4\/2023\/11\/19Subat2023_Haberdk_6.jpg 740w, https:\/\/teid.dk\/tr\/wp-content\/uploads\/sites\/4\/2023\/11\/19Subat2023_Haberdk_6-300x169.jpg 300w\" sizes=\"auto, (max-width: 740px) 100vw, 740px\" \/><figcaption class=\"wp-element-caption\">Foto: https:\/\/www.facebook.com\/pinarlauridsen<\/figcaption><\/figure>\n\n\n\n<p>T\u00f6ren boyunca onlarca ki\u015fi taraf\u0131ndan b\u00fcy\u00fck T\u00fcrk bayra\u011f\u0131 da a\u00e7\u0131ld\u0131.<\/p>\n\n\n\n<figure class=\"wp-block-image size-large\"><img loading=\"lazy\" decoding=\"async\" width=\"1024\" height=\"683\" src=\"https:\/\/teid.dk\/tr\/wp-content\/uploads\/sites\/4\/2023\/11\/19Subat2023_Haberdk_7-1024x683.jpg\" alt=\"\" class=\"wp-image-130\" srcset=\"https:\/\/teid.dk\/tr\/wp-content\/uploads\/sites\/4\/2023\/11\/19Subat2023_Haberdk_7-1024x683.jpg 1024w, https:\/\/teid.dk\/tr\/wp-content\/uploads\/sites\/4\/2023\/11\/19Subat2023_Haberdk_7-300x200.jpg 300w, https:\/\/teid.dk\/tr\/wp-content\/uploads\/sites\/4\/2023\/11\/19Subat2023_Haberdk_7-768x512.jpg 768w, https:\/\/teid.dk\/tr\/wp-content\/uploads\/sites\/4\/2023\/11\/19Subat2023_Haberdk_7.jpg 1320w\" sizes=\"auto, (max-width: 1024px) 100vw, 1024px\" \/><figcaption class=\"wp-element-caption\">Foto: Sava\u015f Karakaplan, Haber.dk<\/figcaption><\/figure>\n\n\n\n<p>Kaynak: <a href=\"https:\/\/haber.dk\/depremde-yasamlarini-yitirenler-kopenhagda-anildi\/29270\">https:\/\/haber.dk\/depremde-yasamlarini-yitirenler-kopenhagda-anildi\/29270<\/a><\/p>\n","protected":false},"excerpt":{"rendered":"<p>T\u00fcrkiye ve Suriye\u2019deki deprem felaketinde hayatlar\u0131n\u0131 kaybedenler i\u00e7in Danimarka\u2019n\u0131n ba\u015fkenti Kopenhag\u2019da 19 \u015eubat Pazar g\u00fcn\u00fc d\u00fczenlenen anma t\u00f6reninde kat\u0131l\u0131mc\u0131lar her iki \u00fclkenin ac\u0131lar\u0131n\u0131 payla\u015ft\u0131 ve dayan\u0131\u015fma i\u00e7inde olduklar\u0131n\u0131 g\u00f6sterdi. Sava\u015f KARAKAPLAN, Haber.dk KOPENHAG \u2013 Danimarka\u2019n\u0131n ba\u015fkenti Kopenhag\u2019da, T\u00fcrkiye ve Suriye\u2019de hayatlar\u0131n\u0131 kaybedenler i\u00e7in 19 \u015eubat Pazar g\u00fcn\u00fc parlamento binas\u0131 Christiansborg Slot \u00f6n\u00fcnde bir anma t\u00f6reni [&hellip;]<\/p>\n","protected":false},"author":1,"featured_media":124,"comment_status":"open","ping_status":"open","sticky":false,"template":"","format":"standard","meta":{"site-container-style":"default","site-container-layout":"default","site-sidebar-layout":"default","disable-article-header":"default","disable-site-header":"default","disable-site-footer":"default","disable-content-area-spacing":"default","_jetpack_memberships_contains_paid_content":false,"footnotes":""},"categories":[3],"tags":[],"class_list":["post-123","post","type-post","status-publish","format-standard","has-post-thumbnail","hentry","category-basinda-biz"],"jetpack_featured_media_url":"https:\/\/teid.dk\/tr\/wp-content\/uploads\/sites\/4\/2023\/11\/19Subat2023_Haberdk_1.jpg","jetpack_sharing_enabled":true,"_links":{"self":[{"href":"https:\/\/teid.dk\/tr\/wp-json\/wp\/v2\/posts\/123","targetHints":{"allow":["GET"]}}],"collection":[{"href":"https:\/\/teid.dk\/tr\/wp-json\/wp\/v2\/posts"}],"about":[{"href":"https:\/\/teid.dk\/tr\/wp-json\/wp\/v2\/types\/post"}],"author":[{"embeddable":true,"href":"https:\/\/teid.dk\/tr\/wp-json\/wp\/v2\/users\/1"}],"replies":[{"embeddable":true,"href":"https:\/\/teid.dk\/tr\/wp-json\/wp\/v2\/comments?post=123"}],"version-history":[{"count":2,"href":"https:\/\/teid.dk\/tr\/wp-json\/wp\/v2\/posts\/123\/revisions"}],"predecessor-version":[{"id":144,"href":"https:\/\/teid.dk\/tr\/wp-json\/wp\/v2\/posts\/123\/revisions\/144"}],"wp:featuredmedia":[{"embeddable":true,"href":"https:\/\/teid.dk\/tr\/wp-json\/wp\/v2\/media\/124"}],"wp:attachment":[{"href":"https:\/\/teid.dk\/tr\/wp-json\/wp\/v2\/media?parent=123"}],"wp:term":[{"taxonomy":"category","embeddable":true,"href":"https:\/\/teid.dk\/tr\/wp-json\/wp\/v2\/categories?post=123"},{"taxonomy":"post_tag","embeddable":true,"href":"https:\/\/teid.dk\/tr\/wp-json\/wp\/v2\/tags?post=123"}],"curies":[{"name":"wp","href":"https:\/\/api.w.org\/{rel}","templated":true}]}}