{"id":132,"date":"2023-10-29T20:00:00","date_gmt":"2023-10-29T20:00:00","guid":{"rendered":"https:\/\/teid.dk\/tr\/?p=132"},"modified":"2024-02-15T13:01:41","modified_gmt":"2024-02-15T13:01:41","slug":"turkish-expats-in-denmark-cumhuriyetin-100-yilini-iste-boyle-kutladi","status":"publish","type":"post","link":"https:\/\/teid.dk\/tr\/2023\/10\/29\/turkish-expats-in-denmark-cumhuriyetin-100-yilini-iste-boyle-kutladi\/","title":{"rendered":"NordicTurk: Turkish Expats in Denmark Cumhuriyet\u2019in 100. y\u0131l\u0131n\u0131 i\u015fte b\u00f6yle kutlad\u0131"},"content":{"rendered":"\n<p>Turkish Expats in Denmark (TEID), 29 Ekim Cumhuriyet Bayram\u0131 ve Cumhuriyet&#8217;in 100. kurulu\u015f y\u0131l d\u00f6n\u00fcm\u00fc m\u00fcnasebetiyle kutlama d\u00fczenledi.<\/p>\n\n\n\n<figure class=\"wp-block-image size-full\"><img loading=\"lazy\" decoding=\"async\" width=\"900\" height=\"600\" src=\"https:\/\/teid.dk\/tr\/wp-content\/uploads\/sites\/4\/2023\/11\/29Ekim2023_NordicTurk_1.jpg\" alt=\"\" class=\"wp-image-133\" srcset=\"https:\/\/teid.dk\/tr\/wp-content\/uploads\/sites\/4\/2023\/11\/29Ekim2023_NordicTurk_1.jpg 900w, https:\/\/teid.dk\/tr\/wp-content\/uploads\/sites\/4\/2023\/11\/29Ekim2023_NordicTurk_1-300x200.jpg 300w, https:\/\/teid.dk\/tr\/wp-content\/uploads\/sites\/4\/2023\/11\/29Ekim2023_NordicTurk_1-768x512.jpg 768w\" sizes=\"auto, (max-width: 900px) 100vw, 900px\" \/><figcaption class=\"wp-element-caption\">Kopenhag B\u00fcy\u00fckel\u00e7isi Hakan Tekin, elinde T\u00fcrk bayra\u011f\u0131yla k\u00fc\u00e7\u00fck \u00e7ocuklarla birlikte mar\u015flara e\u015flik etti (Foto\u011fraf: \u00a9 NordicTurk)<\/figcaption><\/figure>\n\n\n\n<p>T\u00fcrkiye\u2019den Danimarka\u2019ya beyaz yakal\u0131 olarak \u00e7al\u0131\u015fmaya veya akademik sebeplerle gelenler taraf\u0131ndan kurulan Turkish Expats in Denmark (TEID), 29 Ekim Cumhuriyet Bayram\u0131 ve Cumhuriyet\u2019in 100. kurulu\u015f y\u0131l d\u00f6n\u00fcm\u00fc m\u00fcnasebetiyle kutlama d\u00fczenledi.<\/p>\n\n\n\n<p>Ba\u015fkent Kopenhag\u2019daki Skolen pa Amagerbro Okulu\u2019nda d\u00fczenlen kutlamaya T\u00fcrkiye\u2019nin Kopenhag B\u00fcy\u00fckel\u00e7isi R\u0131za Hakan Tekin de kat\u0131ld\u0131.<\/p>\n\n\n\n<p>Haberin devam\u0131 i\u00e7in: <a href=\"https:\/\/www.nordicturk.com\/tr-int\/danimarka\/turkish-expats-in-denmark-cumhuriyetin-100-yilini-iste-boyle-kutladi\/\">https:\/\/www.nordicturk.com\/tr-int\/danimarka\/turkish-expats-in-denmark-cumhuriyetin-100-yilini-iste-boyle-kutladi\/<\/a><\/p>\n","protected":false},"excerpt":{"rendered":"<p>Turkish Expats in Denmark (TEID), 29 Ekim Cumhuriyet Bayram\u0131 ve Cumhuriyet&#8217;in 100. kurulu\u015f y\u0131l d\u00f6n\u00fcm\u00fc m\u00fcnasebetiyle kutlama d\u00fczenledi. T\u00fcrkiye\u2019den Danimarka\u2019ya beyaz yakal\u0131 olarak \u00e7al\u0131\u015fmaya veya akademik sebeplerle gelenler taraf\u0131ndan kurulan Turkish Expats in Denmark (TEID), 29 Ekim Cumhuriyet Bayram\u0131 ve Cumhuriyet\u2019in 100. kurulu\u015f y\u0131l d\u00f6n\u00fcm\u00fc m\u00fcnasebetiyle kutlama d\u00fczenledi. Ba\u015fkent Kopenhag\u2019daki Skolen pa Amagerbro Okulu\u2019nda d\u00fczenlen [&hellip;]<\/p>\n","protected":false},"author":1,"featured_media":133,"comment_status":"open","ping_status":"open","sticky":false,"template":"","format":"standard","meta":{"site-container-style":"default","site-container-layout":"default","site-sidebar-layout":"default","disable-article-header":"default","disable-site-header":"default","disable-site-footer":"default","disable-content-area-spacing":"default","_jetpack_memberships_contains_paid_content":false,"footnotes":""},"categories":[3],"tags":[],"class_list":["post-132","post","type-post","status-publish","format-standard","has-post-thumbnail","hentry","category-basinda-biz"],"jetpack_featured_media_url":"https:\/\/teid.dk\/tr\/wp-content\/uploads\/sites\/4\/2023\/11\/29Ekim2023_NordicTurk_1.jpg","jetpack_sharing_enabled":true,"_links":{"self":[{"href":"https:\/\/teid.dk\/tr\/wp-json\/wp\/v2\/posts\/132","targetHints":{"allow":["GET"]}}],"collection":[{"href":"https:\/\/teid.dk\/tr\/wp-json\/wp\/v2\/posts"}],"about":[{"href":"https:\/\/teid.dk\/tr\/wp-json\/wp\/v2\/types\/post"}],"author":[{"embeddable":true,"href":"https:\/\/teid.dk\/tr\/wp-json\/wp\/v2\/users\/1"}],"replies":[{"embeddable":true,"href":"https:\/\/teid.dk\/tr\/wp-json\/wp\/v2\/comments?post=132"}],"version-history":[{"count":4,"href":"https:\/\/teid.dk\/tr\/wp-json\/wp\/v2\/posts\/132\/revisions"}],"predecessor-version":[{"id":199,"href":"https:\/\/teid.dk\/tr\/wp-json\/wp\/v2\/posts\/132\/revisions\/199"}],"wp:featuredmedia":[{"embeddable":true,"href":"https:\/\/teid.dk\/tr\/wp-json\/wp\/v2\/media\/133"}],"wp:attachment":[{"href":"https:\/\/teid.dk\/tr\/wp-json\/wp\/v2\/media?parent=132"}],"wp:term":[{"taxonomy":"category","embeddable":true,"href":"https:\/\/teid.dk\/tr\/wp-json\/wp\/v2\/categories?post=132"},{"taxonomy":"post_tag","embeddable":true,"href":"https:\/\/teid.dk\/tr\/wp-json\/wp\/v2\/tags?post=132"}],"curies":[{"name":"wp","href":"https:\/\/api.w.org\/{rel}","templated":true}]}}