{"id":156,"date":"2023-02-19T20:00:00","date_gmt":"2023-02-19T20:00:00","guid":{"rendered":"https:\/\/teid.dk\/tr\/?p=156"},"modified":"2023-11-13T21:02:40","modified_gmt":"2023-11-13T21:02:40","slug":"ntv-haber","status":"publish","type":"post","link":"https:\/\/teid.dk\/tr\/2023\/02\/19\/ntv-haber\/","title":{"rendered":"NTV Haber"},"content":{"rendered":"\n<p>Danimarka&#8217;da Anma T\u00f6reni<\/p>\n\n\n\n<p>Kopenhag&#8217;da deprem felaketinde hayat\u0131n\u0131 kaybedenler an\u0131ld\u0131<\/p>\n\n\n\n<figure class=\"wp-block-video\"><video height=\"1080\" style=\"aspect-ratio: 1920 \/ 1080;\" width=\"1920\" controls poster=\"https:\/\/teid.dk\/tr\/wp-content\/uploads\/sites\/4\/2023\/11\/19Subat2023_NTV_photo.png\" src=\"https:\/\/teid.dk\/tr\/wp-content\/uploads\/sites\/4\/2023\/11\/19Subat2023_NTV_video.mp4\"><\/video><\/figure>\n","protected":false},"excerpt":{"rendered":"<p>Danimarka&#8217;da Anma T\u00f6reni Kopenhag&#8217;da deprem felaketinde hayat\u0131n\u0131 kaybedenler an\u0131ld\u0131<\/p>\n","protected":false},"author":1,"featured_media":157,"comment_status":"open","ping_status":"open","sticky":false,"template":"","format":"standard","meta":{"site-container-style":"default","site-container-layout":"default","site-sidebar-layout":"default","disable-article-header":"default","disable-site-header":"default","disable-site-footer":"default","disable-content-area-spacing":"default","_jetpack_memberships_contains_paid_content":false,"footnotes":""},"categories":[3],"tags":[],"class_list":["post-156","post","type-post","status-publish","format-standard","has-post-thumbnail","hentry","category-basinda-biz"],"jetpack_featured_media_url":"https:\/\/teid.dk\/tr\/wp-content\/uploads\/sites\/4\/2023\/11\/19Subat2023_NTV_photo.png","jetpack_sharing_enabled":true,"_links":{"self":[{"href":"https:\/\/teid.dk\/tr\/wp-json\/wp\/v2\/posts\/156","targetHints":{"allow":["GET"]}}],"collection":[{"href":"https:\/\/teid.dk\/tr\/wp-json\/wp\/v2\/posts"}],"about":[{"href":"https:\/\/teid.dk\/tr\/wp-json\/wp\/v2\/types\/post"}],"author":[{"embeddable":true,"href":"https:\/\/teid.dk\/tr\/wp-json\/wp\/v2\/users\/1"}],"replies":[{"embeddable":true,"href":"https:\/\/teid.dk\/tr\/wp-json\/wp\/v2\/comments?post=156"}],"version-history":[{"count":3,"href":"https:\/\/teid.dk\/tr\/wp-json\/wp\/v2\/posts\/156\/revisions"}],"predecessor-version":[{"id":161,"href":"https:\/\/teid.dk\/tr\/wp-json\/wp\/v2\/posts\/156\/revisions\/161"}],"wp:featuredmedia":[{"embeddable":true,"href":"https:\/\/teid.dk\/tr\/wp-json\/wp\/v2\/media\/157"}],"wp:attachment":[{"href":"https:\/\/teid.dk\/tr\/wp-json\/wp\/v2\/media?parent=156"}],"wp:term":[{"taxonomy":"category","embeddable":true,"href":"https:\/\/teid.dk\/tr\/wp-json\/wp\/v2\/categories?post=156"},{"taxonomy":"post_tag","embeddable":true,"href":"https:\/\/teid.dk\/tr\/wp-json\/wp\/v2\/tags?post=156"}],"curies":[{"name":"wp","href":"https:\/\/api.w.org\/{rel}","templated":true}]}}