{"id":171,"date":"2023-11-14T20:00:00","date_gmt":"2023-11-14T20:00:00","guid":{"rendered":"https:\/\/teid.dk\/tr\/?p=171"},"modified":"2024-01-16T05:38:20","modified_gmt":"2024-01-16T05:38:20","slug":"yenicag-diaspora-2-0in-ayak-sesleri","status":"publish","type":"post","link":"https:\/\/teid.dk\/tr\/2023\/11\/14\/yenicag-diaspora-2-0in-ayak-sesleri\/","title":{"rendered":"Yeni\u00e7a\u011f: Diaspora 2.0\u2019\u0131n ayak sesleri"},"content":{"rendered":"\n<figure class=\"wp-block-image size-large\"><img loading=\"lazy\" decoding=\"async\" width=\"1024\" height=\"576\" src=\"https:\/\/teid.dk\/tr\/wp-content\/uploads\/sites\/4\/2024\/01\/14Kasim2023_Yenicag_1-1-1024x576.jpg\" alt=\"\" class=\"wp-image-173\" srcset=\"https:\/\/teid.dk\/tr\/wp-content\/uploads\/sites\/4\/2024\/01\/14Kasim2023_Yenicag_1-1-1024x576.jpg 1024w, https:\/\/teid.dk\/tr\/wp-content\/uploads\/sites\/4\/2024\/01\/14Kasim2023_Yenicag_1-1-300x169.jpg 300w, https:\/\/teid.dk\/tr\/wp-content\/uploads\/sites\/4\/2024\/01\/14Kasim2023_Yenicag_1-1-768x432.jpg 768w, https:\/\/teid.dk\/tr\/wp-content\/uploads\/sites\/4\/2024\/01\/14Kasim2023_Yenicag_1-1.jpg 1200w\" sizes=\"auto, (max-width: 1024px) 100vw, 1024px\" \/><\/figure>\n\n\n\n<p>T\u00fcrkiye, modernle\u015fme dinamiklerine ba\u015flad\u0131\u011f\u0131ndan beri yurt d\u0131\u015f\u0131na \u00e7e\u015fitli nedenlerle g\u00f6\u00e7 verdi. \u0130lk g\u00f6\u00e7 dalgas\u0131, 19. Y\u00fczy\u0131lda Abd\u00fclhamit&#8217;in otoriter politikalar\u0131ndan dolay\u0131 yurt d\u0131\u015f\u0131nda ya\u015fayan ve sonras\u0131nda J\u00f6n T\u00fcrkler olarak isimlendirilen gruptu. Bu grup, yenilik\u00e7i fikirleriyle Osmanl\u0131 i\u00e7in tehdit olarak g\u00f6r\u00fcld\u00fc. \u0130kinci D\u00fcnya Sava\u015f\u0131 sonras\u0131nda solcu bir\u00e7ok entelekt\u00fcel ABD ve Kanada ba\u015fta olmak \u00fczere Bat\u0131 \u00fclkelerine g\u00f6\u00e7t\u00fc. Sonras\u0131nda 1960&#8217;lardaki i\u015f\u00e7i hareketlili\u011fi ile muhafazak\u00e2r\/milliyet\u00e7i kesimden Bat\u0131 Avrupa&#8217;ya g\u00f6\u00e7 olu\u015ftu. Basra K\u00f6rfezi \u00fclkelerine yine 1970&#8217;lerden sonra \u00f6zellikle Arap\u00e7a konu\u015fan T\u00fcrk vatanda\u015flar\u0131 g\u00f6\u00e7 etti.<\/p>\n\n\n\n<p>Son on y\u0131lda T\u00fcrkiye, d\u00fcnyadaki i\u015f g\u00fcc\u00fc hareketlili\u011fine paralel olarak profesyonel ve akademik g\u00f6\u00e7 veren bir \u00fclke haline geldi. Bu \u015fekilde giden vatanda\u015flar\u0131m\u0131z, art\u0131k bulunduklar\u0131 \u00fclkelerde ses getirici \u00e7al\u0131\u015fmalara imza at\u0131yorlar.<\/p>\n\n\n\n<p><strong>Danimarka\u2019dan y\u00fckselen ses: TE\u0130D<\/strong><\/p>\n\n\n\n<p>Ge\u00e7ti\u011fimiz hafta, Danimarka\u2019ya son d\u00f6nemde yerle\u015fen T\u00fcrklerin kurdu\u011fu Danimarka\u2019daki T\u00fcrk Ekspatlar Derne\u011fi (TE\u0130D) isimli dernekle bir araya gelip neler yapt\u0131klar\u0131n\u0131 ele ald\u0131k. Danimarka\u2019ya son on y\u0131lda gidenlerin b\u00fcy\u00fck \u00e7o\u011funlu\u011fu akademik ve mesleki beceri olarak \u00fcst d\u00fczey vatanda\u015flar\u0131m\u0131z. TE\u0130D, Danimarka\u2019da beyaz yakal\u0131lar\u0131n \u00f6rg\u00fctlendi\u011fi \u00f6nc\u00fc bir platform haline gelmi\u015f. TE\u0130D\u2019in ana hedefi, Danimarka\u2019ya gelen yeni nesil g\u00f6\u00e7menlerin sosyal ve profesyonel olarak dayan\u0131\u015f\u0131p \u00f6rg\u00fctlendi\u011fi bir platform olmak.<\/p>\n\n\n\n<p>\u00d6nceki d\u00f6nemlerde sosyal faaliyetler ger\u00e7ekle\u015ftiren TE\u0130D, art\u0131k Danimarka yasalar\u0131na g\u00f6re kurulmu\u015f bir dernek haline gelmi\u015f durumda. Danimarka\u2019ya yerle\u015fen vatanda\u015flar\u0131m\u0131z\u0131n e\u015fleri, \u00f6zellikle i\u015f bulma, vb. konular\u0131nda zorluklar \u00e7ekiyor. TE\u0130D bu konuda vatanda\u015flar\u0131m\u0131za destek oluyor.<\/p>\n\n\n\n<p>Bir\u00e7ok m\u00fchendisimiz Danimarka\u2019da T\u00fcrk g\u00f6\u00e7menlere ili\u015fkin alg\u0131y\u0131 giderek daha olumlu hale getirip T\u00fcrkiye\u2019nin ve \u00fcr\u00fcnlerinin imaj\u0131n\u0131 \u00fcst d\u00fczeye ta\u015f\u0131yor. Dernek temsilcileri, 10 y\u0131l sonra \u00fclkemizden Danimarka\u2019ya yerle\u015fen beyaz yakal\u0131lar\u0131n Danimarka\u2019da \u00fcst d\u00fczey noktalara gelmesi sonras\u0131nda T\u00fcrkiye-Danimarka ili\u015fkilerinin \u00e7ok daha fazla ivme kazanaca\u011f\u0131n\u0131 belirtiyor.<\/p>\n\n\n\n<p><strong>TE\u0130D\u2019in ba\u015far\u0131l\u0131 olmas\u0131 i\u00e7in kurumlar\u0131m\u0131z\u0131n deste\u011fi \u015fart\u2026<\/strong><\/p>\n\n\n\n<p>TE\u0130D ayr\u0131ca Danimarka\u2019ya yeni yerle\u015fenlere ve i\u015f kuranlara y\u00f6nelik rehberler haz\u0131rl\u0131yor, sosyal etkinlikler d\u00fczenliyor, e\u011fitim ve vergilendirme konular\u0131nda bilgilendirme toplant\u0131lar\u0131 yap\u0131yor. 100. Y\u0131l\u0131n\u0131 kutlad\u0131\u011f\u0131m\u0131z ge\u00e7ti\u011fimiz Cumhuriyet Bayram\u0131\u2019n\u0131n, TE\u0130D\u2019in hem \u00e7ok ses getiren hem de TE\u0130D yap\u0131lanmas\u0131na g\u00fcven veren bir etkinli\u011fi oldu\u011fu belirtiliyor.<\/p>\n\n\n\n<p>TE\u0130D\u2019in t\u00fcm etkinliklerine B\u00fcy\u00fckel\u00e7ilik d\u00fczeyinde de destek veriliyor. TE\u0130D Ba\u015fkan\u0131 Berna Deniz; B\u00fcy\u00fckel\u00e7i Sn. R\u0131za Hakan Tekin ve Ticaret M\u00fc\u015faviri \u00c7a\u011fr\u0131 Alpgiray Kale\u2019nin de destekleriyle TE\u0130D\u2019in, olduk\u00e7a \u00f6nemli noktalara geldi\u011fini ifade ediyor. E\u011fitim M\u00fc\u015favirli\u011fi ve di\u011fer birimlerin de etkin deste\u011fini yak\u0131ndan hissetmeye ba\u015flayan TE\u0130D\u2019in \u00f6n\u00fcm\u00fczdeki d\u00f6nemde daha \u00e7ok ses getirecek \u00e7al\u0131\u015fmalara imza ataca\u011f\u0131 \u00f6ng\u00f6r\u00fcl\u00fcyor.<\/p>\n\n\n\n<p>TE\u0130D, ayn\u0131 zamanda sa\u011fl\u0131k turizmi, tekstil, in\u015faat ve mimarl\u0131k gibi alanlarda sekt\u00f6rel i\u015f toplant\u0131lar\u0131 da d\u00fczenliyor. \u00d6n\u00fcm\u00fczdeki d\u00f6nemde TE\u0130D\u2019in yapaca\u011f\u0131, 18 Kas\u0131m\u2019da in\u015faat ve mimarl\u0131k alan\u0131nda detaylar\u0131 ba\u011flant\u0131da (www.teid.dk) bulunan bir etkinlik d\u00fczenliyor. Ticaret M\u00fc\u015faviri Sn. Kale taraf\u0131ndan \u00f6n\u00fcm\u00fczdeki d\u00f6nemde TE\u0130D\u2019in kar\u015f\u0131l\u0131kl\u0131 ticaret heyetleri d\u00fczenlenmesinde de \u00f6nc\u00fc rol oynayabilece\u011fi ve bu sayede ticaret hacmimize katk\u0131 sa\u011flayaca\u011f\u0131 ifade ediliyor.<\/p>\n\n\n\n<p><strong>T\u00fcrk Diasporas\u0131 2.0 yolda<\/strong><\/p>\n\n\n\n<p>TE\u0130D ve benzerlerinin \u00f6n\u00fcm\u00fczdeki d\u00f6nemde di\u011fer \u00fclkelerde de yayg\u0131nla\u015fmas\u0131 neticesinde konfederasyon modeli benzeri bir yap\u0131ya ge\u00e7mesi ve y\u0131llard\u0131r eksikli\u011fini hissetti\u011fimiz nitelikli T\u00fcrk Diasporas\u0131n\u0131n \u00f6nc\u00fcs\u00fc olmas\u0131 s\u00f6z konusu. TE\u0130D\u2019in vizyonu bunu do\u011frular nitelikte i\u00e7erikler bar\u0131nd\u0131r\u0131yor. \u00dclkemizde ba\u015fta D\u0131\u015fi\u015fleri Bakanl\u0131\u011f\u0131, Ticaret Bakanl\u0131\u011f\u0131 ve K\u00fclt\u00fcr ve Turizm Bakanl\u0131\u011f\u0131 olmak \u00fczere, TE\u0130D\u2019in bu vizyonuna t\u00fcm kurumlar\u0131m\u0131z\u0131n sahip \u00e7\u0131k\u0131p desteklemesi dile\u011fiyle.<\/p>\n\n\n\n<p>Kaynak: <a href=\"https:\/\/www.yenicaggazetesi.com.tr\/diaspora-2-0in-ayak-sesleri-733503h.htm\">https:\/\/www.yenicaggazetesi.com.tr\/diaspora-2-0in-ayak-sesleri-733503h.htm<\/a><\/p>\n","protected":false},"excerpt":{"rendered":"<p>T\u00fcrkiye, modernle\u015fme dinamiklerine ba\u015flad\u0131\u011f\u0131ndan beri yurt d\u0131\u015f\u0131na \u00e7e\u015fitli nedenlerle g\u00f6\u00e7 verdi. \u0130lk g\u00f6\u00e7 dalgas\u0131, 19. Y\u00fczy\u0131lda Abd\u00fclhamit&#8217;in otoriter politikalar\u0131ndan dolay\u0131 yurt d\u0131\u015f\u0131nda ya\u015fayan ve sonras\u0131nda J\u00f6n T\u00fcrkler olarak isimlendirilen gruptu. Bu grup, yenilik\u00e7i fikirleriyle Osmanl\u0131 i\u00e7in tehdit olarak g\u00f6r\u00fcld\u00fc. \u0130kinci D\u00fcnya Sava\u015f\u0131 sonras\u0131nda solcu bir\u00e7ok entelekt\u00fcel ABD ve Kanada ba\u015fta olmak \u00fczere Bat\u0131 \u00fclkelerine g\u00f6\u00e7t\u00fc. [&hellip;]<\/p>\n","protected":false},"author":1,"featured_media":172,"comment_status":"open","ping_status":"open","sticky":false,"template":"","format":"standard","meta":{"site-container-style":"default","site-container-layout":"default","site-sidebar-layout":"default","disable-article-header":"default","disable-site-header":"default","disable-site-footer":"default","disable-content-area-spacing":"default","_jetpack_memberships_contains_paid_content":false,"footnotes":""},"categories":[3],"tags":[],"class_list":["post-171","post","type-post","status-publish","format-standard","has-post-thumbnail","hentry","category-basinda-biz"],"jetpack_featured_media_url":"https:\/\/teid.dk\/tr\/wp-content\/uploads\/sites\/4\/2024\/01\/14Kasim2023_Yenicag_1.jpg","jetpack_sharing_enabled":true,"_links":{"self":[{"href":"https:\/\/teid.dk\/tr\/wp-json\/wp\/v2\/posts\/171","targetHints":{"allow":["GET"]}}],"collection":[{"href":"https:\/\/teid.dk\/tr\/wp-json\/wp\/v2\/posts"}],"about":[{"href":"https:\/\/teid.dk\/tr\/wp-json\/wp\/v2\/types\/post"}],"author":[{"embeddable":true,"href":"https:\/\/teid.dk\/tr\/wp-json\/wp\/v2\/users\/1"}],"replies":[{"embeddable":true,"href":"https:\/\/teid.dk\/tr\/wp-json\/wp\/v2\/comments?post=171"}],"version-history":[{"count":3,"href":"https:\/\/teid.dk\/tr\/wp-json\/wp\/v2\/posts\/171\/revisions"}],"predecessor-version":[{"id":176,"href":"https:\/\/teid.dk\/tr\/wp-json\/wp\/v2\/posts\/171\/revisions\/176"}],"wp:featuredmedia":[{"embeddable":true,"href":"https:\/\/teid.dk\/tr\/wp-json\/wp\/v2\/media\/172"}],"wp:attachment":[{"href":"https:\/\/teid.dk\/tr\/wp-json\/wp\/v2\/media?parent=171"}],"wp:term":[{"taxonomy":"category","embeddable":true,"href":"https:\/\/teid.dk\/tr\/wp-json\/wp\/v2\/categories?post=171"},{"taxonomy":"post_tag","embeddable":true,"href":"https:\/\/teid.dk\/tr\/wp-json\/wp\/v2\/tags?post=171"}],"curies":[{"name":"wp","href":"https:\/\/api.w.org\/{rel}","templated":true}]}}