{"id":177,"date":"2024-01-15T20:00:00","date_gmt":"2024-01-15T20:00:00","guid":{"rendered":"https:\/\/teid.dk\/tr\/?p=177"},"modified":"2024-01-16T05:42:30","modified_gmt":"2024-01-16T05:42:30","slug":"haber-dk-danimarkadaki-turk-yazilimcilar-bir-araya-geldi","status":"publish","type":"post","link":"https:\/\/teid.dk\/tr\/2024\/01\/15\/haber-dk-danimarkadaki-turk-yazilimcilar-bir-araya-geldi\/","title":{"rendered":"Haber.dk: Danimarka\u2019daki T\u00fcrk yaz\u0131l\u0131mc\u0131lar bir araya geldi"},"content":{"rendered":"\n<p>TEID\u2019in, Danimarka\u2019da mesleki i\u015f a\u011f\u0131 olu\u015fturma faaliyetlerinden IT-Yaz\u0131l\u0131m Sekt\u00f6r\u00fc profesyonelleri bulu\u015fmas\u0131 30 kat\u0131l\u0131mc\u0131 ile 14 Ocak Pazar g\u00fcn\u00fc ger\u00e7ekle\u015ftirildi.<\/p>\n\n\n\n<figure class=\"wp-block-image size-full\"><img loading=\"lazy\" decoding=\"async\" width=\"740\" height=\"423\" src=\"https:\/\/teid.dk\/tr\/wp-content\/uploads\/sites\/4\/2024\/01\/14Ocak2024_Haberdk_1.jpg\" alt=\"\" class=\"wp-image-178\" srcset=\"https:\/\/teid.dk\/tr\/wp-content\/uploads\/sites\/4\/2024\/01\/14Ocak2024_Haberdk_1.jpg 740w, https:\/\/teid.dk\/tr\/wp-content\/uploads\/sites\/4\/2024\/01\/14Ocak2024_Haberdk_1-300x171.jpg 300w\" sizes=\"auto, (max-width: 740px) 100vw, 740px\" \/><figcaption class=\"wp-element-caption\">Foto: TEID<\/figcaption><\/figure>\n\n\n\n<p>HABER.DK \/ KOPENHAG \u2013 Etkinlik, bir \u00e7ok kat\u0131l\u0131mc\u0131n\u0131n birbiriyle tan\u0131\u015ft\u0131\u011f\u0131, IT ve yaz\u0131l\u0131m sekt\u00f6r hakk\u0131nda sohbet etti\u011fi ve bir \u00e7ok ortak alan\u0131n fark edildi\u011fi s\u0131cak bir ortamda ger\u00e7ekle\u015fti.<\/p>\n\n\n\n<p>Bunun yan\u0131s\u0131ra IT ve yaz\u0131l\u0131m sekt\u00f6r\u00fcnde i\u015f a\u011f\u0131n\u0131n geni\u015fletilmesi, g\u00fc\u00e7lendirilmesi ve T\u00fcrkiye\u2019deki payda\u015flar ile ileti\u015fimin g\u00fc\u00e7lendirilmesi i\u00e7in yap\u0131labilecek yeni \u00e7al\u0131\u015fmalar hakk\u0131nda fikir al\u0131\u015fveri\u015finde bulunuldu.<\/p>\n\n\n\n<p>TEID, bir\u00e7ok farkl\u0131 sekt\u00f6rde profesyonel a\u011flar\u0131n olu\u015fturulmas\u0131 ve g\u00fc\u00e7lendirilmesi amac\u0131yla benzer bulu\u015fmalar ger\u00e7ekle\u015ftirmeyi hedefliyor.<\/p>\n\n\n\n<p>Kaynak: <a href=\"https:\/\/haber.dk\/danimarkadaki-turk-yazilimcilar-bulustu\/32765\">https:\/\/haber.dk\/danimarkadaki-turk-yazilimcilar-bulustu\/32765<\/a><\/p>\n","protected":false},"excerpt":{"rendered":"<p>TEID\u2019in, Danimarka\u2019da mesleki i\u015f a\u011f\u0131 olu\u015fturma faaliyetlerinden IT-Yaz\u0131l\u0131m Sekt\u00f6r\u00fc profesyonelleri bulu\u015fmas\u0131 30 kat\u0131l\u0131mc\u0131 ile 14 Ocak Pazar g\u00fcn\u00fc ger\u00e7ekle\u015ftirildi. HABER.DK \/ KOPENHAG \u2013 Etkinlik, bir \u00e7ok kat\u0131l\u0131mc\u0131n\u0131n birbiriyle tan\u0131\u015ft\u0131\u011f\u0131, IT ve yaz\u0131l\u0131m sekt\u00f6r hakk\u0131nda sohbet etti\u011fi ve bir \u00e7ok ortak alan\u0131n fark edildi\u011fi s\u0131cak bir ortamda ger\u00e7ekle\u015fti. Bunun yan\u0131s\u0131ra IT ve yaz\u0131l\u0131m sekt\u00f6r\u00fcnde i\u015f a\u011f\u0131n\u0131n [&hellip;]<\/p>\n","protected":false},"author":1,"featured_media":178,"comment_status":"open","ping_status":"open","sticky":false,"template":"","format":"standard","meta":{"site-container-style":"default","site-container-layout":"default","site-sidebar-layout":"default","disable-article-header":"default","disable-site-header":"default","disable-site-footer":"default","disable-content-area-spacing":"default","_jetpack_memberships_contains_paid_content":false,"footnotes":""},"categories":[3],"tags":[],"class_list":["post-177","post","type-post","status-publish","format-standard","has-post-thumbnail","hentry","category-basinda-biz"],"jetpack_featured_media_url":"https:\/\/teid.dk\/tr\/wp-content\/uploads\/sites\/4\/2024\/01\/14Ocak2024_Haberdk_1.jpg","jetpack_sharing_enabled":true,"_links":{"self":[{"href":"https:\/\/teid.dk\/tr\/wp-json\/wp\/v2\/posts\/177","targetHints":{"allow":["GET"]}}],"collection":[{"href":"https:\/\/teid.dk\/tr\/wp-json\/wp\/v2\/posts"}],"about":[{"href":"https:\/\/teid.dk\/tr\/wp-json\/wp\/v2\/types\/post"}],"author":[{"embeddable":true,"href":"https:\/\/teid.dk\/tr\/wp-json\/wp\/v2\/users\/1"}],"replies":[{"embeddable":true,"href":"https:\/\/teid.dk\/tr\/wp-json\/wp\/v2\/comments?post=177"}],"version-history":[{"count":1,"href":"https:\/\/teid.dk\/tr\/wp-json\/wp\/v2\/posts\/177\/revisions"}],"predecessor-version":[{"id":179,"href":"https:\/\/teid.dk\/tr\/wp-json\/wp\/v2\/posts\/177\/revisions\/179"}],"wp:featuredmedia":[{"embeddable":true,"href":"https:\/\/teid.dk\/tr\/wp-json\/wp\/v2\/media\/178"}],"wp:attachment":[{"href":"https:\/\/teid.dk\/tr\/wp-json\/wp\/v2\/media?parent=177"}],"wp:term":[{"taxonomy":"category","embeddable":true,"href":"https:\/\/teid.dk\/tr\/wp-json\/wp\/v2\/categories?post=177"},{"taxonomy":"post_tag","embeddable":true,"href":"https:\/\/teid.dk\/tr\/wp-json\/wp\/v2\/tags?post=177"}],"curies":[{"name":"wp","href":"https:\/\/api.w.org\/{rel}","templated":true}]}}