{"id":202,"date":"2024-02-15T15:02:43","date_gmt":"2024-02-15T15:02:43","guid":{"rendered":"https:\/\/teid.dk\/tr\/?p=202"},"modified":"2024-02-15T15:02:43","modified_gmt":"2024-02-15T15:02:43","slug":"haber-dk-danimarkadaki-turk-expatlar-dernegi-teid-buyukelcilerle-gorustu","status":"publish","type":"post","link":"https:\/\/teid.dk\/tr\/2024\/02\/15\/haber-dk-danimarkadaki-turk-expatlar-dernegi-teid-buyukelcilerle-gorustu\/","title":{"rendered":"Haber.dk: Danimarka\u2019daki T\u00fcrk Expatlar Derne\u011fi (TEID) b\u00fcy\u00fckel\u00e7ilerle g\u00f6r\u00fc\u015ft\u00fc"},"content":{"rendered":"\n<p>Haber: T\u00fclay \u00c7etinkaya Sara\u00e7o\u011flu <a href=\"mailto:tulay@haber.dk\">tulay@haber.dk<\/a><\/p>\n\n\n\n<p>Son d\u00f6nemde Danimarka\u2019ya g\u00f6\u00e7 eden beyaz yakal\u0131 T\u00fcrkler taraf\u0131ndan kurulan TEID, faaliyetlerine devam ediyor. TEID, T\u00fcrkiye\u2019nin Kopenhag ve Danimarka\u2019n\u0131n Ankara b\u00fcy\u00fckel\u00e7isiyle g\u00f6r\u00fc\u015ft\u00fc.<\/p>\n\n\n\n<figure class=\"wp-block-image size-full\"><img loading=\"lazy\" decoding=\"async\" width=\"740\" height=\"420\" src=\"https:\/\/teid.dk\/tr\/wp-content\/uploads\/sites\/4\/2024\/02\/15Subat2024_Haberdk_1.jpg\" alt=\"\" class=\"wp-image-203\" srcset=\"https:\/\/teid.dk\/tr\/wp-content\/uploads\/sites\/4\/2024\/02\/15Subat2024_Haberdk_1.jpg 740w, https:\/\/teid.dk\/tr\/wp-content\/uploads\/sites\/4\/2024\/02\/15Subat2024_Haberdk_1-300x170.jpg 300w\" sizes=\"auto, (max-width: 740px) 100vw, 740px\" \/><\/figure>\n\n\n\n<p>Dernek y\u00f6netimi \u00f6nce 12 \u015eubat Pazartesi g\u00fcn\u00fc Danimarka\u2019n\u0131n Ankara B\u00fcy\u00fckel\u00e7isi Danny Annan ile Kopenhag\u2019da bir g\u00f6r\u00fc\u015fme ger\u00e7ekle\u015ftirirken, 14 \u015eubat \u00c7ar\u015famba g\u00fcn\u00fc de T\u00fcrkiye\u2019nin Kopenhag B\u00fcy\u00fckel\u00e7isi R. Hakan Tekin\u2019i makam\u0131nda ziyaret etti.<\/p>\n\n\n\n<p>Danimarka\u2019n\u0131n Ankara B\u00fcy\u00fckel\u00e7isi Danny Annan ile yap\u0131lan g\u00f6r\u00fc\u015fmede, TEID\u2019in sosyal platformu Danimarka101 ve ger\u00e7ekle\u015ftirilen faaliyetler hakk\u0131nda bilgi aktar\u0131l\u0131rken, expatlar\u0131n ya\u015fad\u0131\u011f\u0131 sorunlar da g\u00fcndeme getirildi.<\/p>\n\n\n\n<p>Olduk\u00e7a pozitif bir havada ger\u00e7ekle\u015fen toplant\u0131da ayr\u0131ca TEID ve Danimarka makamlar\u0131 aras\u0131nda ileti\u015fim ve i\u015fbirli\u011finin art\u0131r\u0131lmas\u0131na y\u00f6nelik fikir al\u0131\u015fveri\u015finde bulunuldu.<\/p>\n\n\n\n<p>T\u00fcrkiye\u2019nin Kopenhag B\u00fcy\u00fckel\u00e7isi R. Hakan Tekin\u2019e yap\u0131lan ziyarette ise, TEID\u2019in 2023 Y\u0131l\u0131 Faaliyet Raporu hakk\u0131nda bilgilendirme sunulurken, derne\u011fin 2024 y\u0131l\u0131na y\u00f6nelik projeleri g\u00fcndeme getirildi.<\/p>\n\n\n\n<p>Kaynak: <a href=\"https:\/\/haber.dk\/danimarkadaki-turk-expatlar-dernegi-teid-buyukelcilerle-gorustu\/33158\">https:\/\/haber.dk\/danimarkadaki-turk-expatlar-dernegi-teid-buyukelcilerle-gorustu\/33158<\/a><\/p>\n","protected":false},"excerpt":{"rendered":"<p>Haber: T\u00fclay \u00c7etinkaya Sara\u00e7o\u011flu tulay@haber.dk Son d\u00f6nemde Danimarka\u2019ya g\u00f6\u00e7 eden beyaz yakal\u0131 T\u00fcrkler taraf\u0131ndan kurulan TEID, faaliyetlerine devam ediyor. TEID, T\u00fcrkiye\u2019nin Kopenhag ve Danimarka\u2019n\u0131n Ankara b\u00fcy\u00fckel\u00e7isiyle g\u00f6r\u00fc\u015ft\u00fc. Dernek y\u00f6netimi \u00f6nce 12 \u015eubat Pazartesi g\u00fcn\u00fc Danimarka\u2019n\u0131n Ankara B\u00fcy\u00fckel\u00e7isi Danny Annan ile Kopenhag\u2019da bir g\u00f6r\u00fc\u015fme ger\u00e7ekle\u015ftirirken, 14 \u015eubat \u00c7ar\u015famba g\u00fcn\u00fc de T\u00fcrkiye\u2019nin Kopenhag B\u00fcy\u00fckel\u00e7isi R. Hakan Tekin\u2019i [&hellip;]<\/p>\n","protected":false},"author":1,"featured_media":203,"comment_status":"open","ping_status":"open","sticky":false,"template":"","format":"standard","meta":{"site-container-style":"default","site-container-layout":"default","site-sidebar-layout":"default","disable-article-header":"default","disable-site-header":"default","disable-site-footer":"default","disable-content-area-spacing":"default","_jetpack_memberships_contains_paid_content":false,"footnotes":""},"categories":[3],"tags":[],"class_list":["post-202","post","type-post","status-publish","format-standard","has-post-thumbnail","hentry","category-basinda-biz"],"jetpack_featured_media_url":"https:\/\/teid.dk\/tr\/wp-content\/uploads\/sites\/4\/2024\/02\/15Subat2024_Haberdk_1.jpg","jetpack_sharing_enabled":true,"_links":{"self":[{"href":"https:\/\/teid.dk\/tr\/wp-json\/wp\/v2\/posts\/202","targetHints":{"allow":["GET"]}}],"collection":[{"href":"https:\/\/teid.dk\/tr\/wp-json\/wp\/v2\/posts"}],"about":[{"href":"https:\/\/teid.dk\/tr\/wp-json\/wp\/v2\/types\/post"}],"author":[{"embeddable":true,"href":"https:\/\/teid.dk\/tr\/wp-json\/wp\/v2\/users\/1"}],"replies":[{"embeddable":true,"href":"https:\/\/teid.dk\/tr\/wp-json\/wp\/v2\/comments?post=202"}],"version-history":[{"count":1,"href":"https:\/\/teid.dk\/tr\/wp-json\/wp\/v2\/posts\/202\/revisions"}],"predecessor-version":[{"id":204,"href":"https:\/\/teid.dk\/tr\/wp-json\/wp\/v2\/posts\/202\/revisions\/204"}],"wp:featuredmedia":[{"embeddable":true,"href":"https:\/\/teid.dk\/tr\/wp-json\/wp\/v2\/media\/203"}],"wp:attachment":[{"href":"https:\/\/teid.dk\/tr\/wp-json\/wp\/v2\/media?parent=202"}],"wp:term":[{"taxonomy":"category","embeddable":true,"href":"https:\/\/teid.dk\/tr\/wp-json\/wp\/v2\/categories?post=202"},{"taxonomy":"post_tag","embeddable":true,"href":"https:\/\/teid.dk\/tr\/wp-json\/wp\/v2\/tags?post=202"}],"curies":[{"name":"wp","href":"https:\/\/api.w.org\/{rel}","templated":true}]}}