{"id":249,"date":"2024-04-28T21:25:40","date_gmt":"2024-04-28T21:25:40","guid":{"rendered":"https:\/\/teid.dk\/tr\/?p=249"},"modified":"2024-04-28T21:26:28","modified_gmt":"2024-04-28T21:26:28","slug":"danimarkada-23-nisan-buyuk-bir-coskuyla-kutlandi","status":"publish","type":"post","link":"https:\/\/teid.dk\/tr\/2024\/04\/28\/danimarkada-23-nisan-buyuk-bir-coskuyla-kutlandi\/","title":{"rendered":"Haber.dk: Danimarka\u2019da 23 Nisan b\u00fcy\u00fck bir co\u015fkuyla kutland\u0131"},"content":{"rendered":"\n<p><strong>Ba\u015fkent Kopenhag yak\u0131nlar\u0131ndaki Ish\u00f8j Belediyesindeki Gilbro okulunda, 150\u2019den fazla \u00e7ocuk ve yeti\u015fkinden olu\u015fan topluluk, 23 Nisan Ulusal Egemenlik ve \u00c7ocuk Bayram\u0131\u2019n\u0131 co\u015fkuyla kutlad\u0131.<\/strong><\/p>\n\n\n\n<figure class=\"wp-block-image size-full\"><img loading=\"lazy\" decoding=\"async\" width=\"740\" height=\"424\" src=\"https:\/\/teid.dk\/tr\/wp-content\/uploads\/sites\/4\/2024\/04\/28Nisan2024_Haberdk_1.jpg\" alt=\"\" class=\"wp-image-250\" srcset=\"https:\/\/teid.dk\/tr\/wp-content\/uploads\/sites\/4\/2024\/04\/28Nisan2024_Haberdk_1.jpg 740w, https:\/\/teid.dk\/tr\/wp-content\/uploads\/sites\/4\/2024\/04\/28Nisan2024_Haberdk_1-300x172.jpg 300w\" sizes=\"auto, (max-width: 740px) 100vw, 740px\" \/><\/figure>\n\n\n\n<p>KOPENHAG \u2013 Danimarka\u2019da faaliyet g\u00f6steren TEID (Danimarka T\u00fcrk Ekspat Derne\u011fi), DTUF (Danimarka T\u00fcrk\u00e7e E\u011fitim Derne\u011fi) ve ATA (Anadolu T\u00fcrk Toplulu\u011fu DK) derneklerinin ortak organizasyonuyla ger\u00e7ekle\u015ftirilen etkinlik, meclisin a\u00e7\u0131l\u0131\u015f\u0131n\u0131n 104. y\u0131l d\u00f6n\u00fcm\u00fcne \u00f6zel olarak d\u00fczenlendi ve kat\u0131l\u0131mc\u0131lar taraf\u0131ndan b\u00fcy\u00fck be\u011feni toplad\u0131.<\/p>\n\n\n\n<figure class=\"wp-block-image size-full\"><img loading=\"lazy\" decoding=\"async\" width=\"740\" height=\"422\" src=\"https:\/\/teid.dk\/tr\/wp-content\/uploads\/sites\/4\/2024\/04\/28Nisan2024_Haberdk_2.jpeg\" alt=\"\" class=\"wp-image-251\" srcset=\"https:\/\/teid.dk\/tr\/wp-content\/uploads\/sites\/4\/2024\/04\/28Nisan2024_Haberdk_2.jpeg 740w, https:\/\/teid.dk\/tr\/wp-content\/uploads\/sites\/4\/2024\/04\/28Nisan2024_Haberdk_2-300x171.jpeg 300w\" sizes=\"auto, (max-width: 740px) 100vw, 740px\" \/><\/figure>\n\n\n\n<p>Program, sayg\u0131 duru\u015fu ve \u0130stiklal Mar\u015f\u0131\u2019n\u0131n okunmas\u0131yla ba\u015flad\u0131. T\u00fcrkiye\u2019nin Kopenhag B\u00fcy\u00fckel\u00e7isi R\u0131za Hakan Tekin\u2019in g\u00fcn\u00fcn anlam ve \u00f6nemini belirten konu\u015fmas\u0131n\u0131n ard\u0131ndan, \u00e7ocuklar \u015fiir ve dans g\u00f6sterileriyle etkinli\u011fi renklendirdi.<\/p>\n\n\n\n<figure class=\"wp-block-image size-full\"><img loading=\"lazy\" decoding=\"async\" width=\"450\" height=\"434\" src=\"https:\/\/teid.dk\/tr\/wp-content\/uploads\/sites\/4\/2024\/04\/28Nisan2024_Haberdk_3.jpeg\" alt=\"\" class=\"wp-image-252\" srcset=\"https:\/\/teid.dk\/tr\/wp-content\/uploads\/sites\/4\/2024\/04\/28Nisan2024_Haberdk_3.jpeg 450w, https:\/\/teid.dk\/tr\/wp-content\/uploads\/sites\/4\/2024\/04\/28Nisan2024_Haberdk_3-300x289.jpeg 300w\" sizes=\"auto, (max-width: 450px) 100vw, 450px\" \/><\/figure>\n\n\n\n<p>Etkinlikte \u00e7ocuklar i\u00e7in resim ve boyama stantlar\u0131 ile kitap hediye stantlar\u0131 yerald\u0131. A\u00e7\u0131k havada, \u00e7ocuklar ve aileler bir\u00e7ok oyun oynad\u0131lar. Ayr\u0131ca, \u00e7ocuklar i\u00e7in y\u00fcz boyama aktivitesi de d\u00fczenlendi.<\/p>\n\n\n\n<p>Etkinli\u011fe sponsor olan kurulu\u015flar, \u00e7ocuklar i\u00e7in at\u0131\u015ft\u0131rmal\u0131klar, meyve suyu, meyve ve \u015fekerler, yeti\u015fkinler i\u00e7in ise \u00e7ay-kahve ve i\u00e7ecek servisi sa\u011flad\u0131.<\/p>\n\n\n\n<figure class=\"wp-block-image size-full\"><img loading=\"lazy\" decoding=\"async\" width=\"740\" height=\"373\" src=\"https:\/\/teid.dk\/tr\/wp-content\/uploads\/sites\/4\/2024\/04\/28Nisan2024_Haberdk_4.jpeg\" alt=\"\" class=\"wp-image-253\" srcset=\"https:\/\/teid.dk\/tr\/wp-content\/uploads\/sites\/4\/2024\/04\/28Nisan2024_Haberdk_4.jpeg 740w, https:\/\/teid.dk\/tr\/wp-content\/uploads\/sites\/4\/2024\/04\/28Nisan2024_Haberdk_4-300x151.jpeg 300w\" sizes=\"auto, (max-width: 740px) 100vw, 740px\" \/><\/figure>\n\n\n\n<p>Etkinlik sadece 23 Nisan\u2019\u0131n co\u015fkusunu payla\u015fmakla kalmad\u0131, ayn\u0131 zamanda \u00e7ocuklar\u0131m\u0131z\u0131n ve ebeveynlerin y\u00fczlerinde unutulmaz g\u00fcl\u00fcmsemelere sebep oldu. Birlikte ge\u00e7irilen bu anlar, \u00e7ocuklar\u0131n ne\u015fesiyle dolu dans g\u00f6sterileri ve ebeveynlerin gurur dolu bak\u0131\u015flar\u0131yla dolup ta\u015ft\u0131. Gilbroskolen\u2019da bir araya gelen herkes, milli bayram\u0131m\u0131z\u0131 birlikte kutlaman\u0131n mutlulu\u011funu ya\u015fad\u0131.<\/p>\n\n\n\n<figure class=\"wp-block-image size-full\"><img loading=\"lazy\" decoding=\"async\" width=\"740\" height=\"410\" src=\"https:\/\/teid.dk\/tr\/wp-content\/uploads\/sites\/4\/2024\/04\/28Nisan2024_Haberdk_5.jpeg\" alt=\"\" class=\"wp-image-254\" srcset=\"https:\/\/teid.dk\/tr\/wp-content\/uploads\/sites\/4\/2024\/04\/28Nisan2024_Haberdk_5.jpeg 740w, https:\/\/teid.dk\/tr\/wp-content\/uploads\/sites\/4\/2024\/04\/28Nisan2024_Haberdk_5-300x166.jpeg 300w\" sizes=\"auto, (max-width: 740px) 100vw, 740px\" \/><\/figure>\n\n\n\n<p>Etkinlik ve TEID hakk\u0131nda daha fazla bilgi <a href=\"http:\/\/www.teid.dk\/\">www.teid.dk<\/a> adresinden edinilebilir.<\/p>\n\n\n\n<p>Kaynak: <a href=\"https:\/\/haber.dk\/danimarkada-23-nisan-buyuk-bir-coskuyla-kutlandi\/33951\">https:\/\/haber.dk\/danimarkada-23-nisan-buyuk-bir-coskuyla-kutlandi\/33951<\/a><\/p>\n","protected":false},"excerpt":{"rendered":"<p>Ba\u015fkent Kopenhag yak\u0131nlar\u0131ndaki Ish\u00f8j Belediyesindeki Gilbro okulunda, 150\u2019den fazla \u00e7ocuk ve yeti\u015fkinden olu\u015fan topluluk, 23 Nisan Ulusal Egemenlik ve \u00c7ocuk Bayram\u0131\u2019n\u0131 co\u015fkuyla kutlad\u0131. KOPENHAG \u2013 Danimarka\u2019da faaliyet g\u00f6steren TEID (Danimarka T\u00fcrk Ekspat Derne\u011fi), DTUF (Danimarka T\u00fcrk\u00e7e E\u011fitim Derne\u011fi) ve ATA (Anadolu T\u00fcrk Toplulu\u011fu DK) derneklerinin ortak organizasyonuyla ger\u00e7ekle\u015ftirilen etkinlik, meclisin a\u00e7\u0131l\u0131\u015f\u0131n\u0131n 104. y\u0131l d\u00f6n\u00fcm\u00fcne \u00f6zel [&hellip;]<\/p>\n","protected":false},"author":1,"featured_media":251,"comment_status":"open","ping_status":"open","sticky":false,"template":"","format":"standard","meta":{"site-container-style":"default","site-container-layout":"default","site-sidebar-layout":"default","disable-article-header":"default","disable-site-header":"default","disable-site-footer":"default","disable-content-area-spacing":"default","_jetpack_memberships_contains_paid_content":false,"footnotes":""},"categories":[3],"tags":[],"class_list":["post-249","post","type-post","status-publish","format-standard","has-post-thumbnail","hentry","category-basinda-biz"],"jetpack_featured_media_url":"https:\/\/teid.dk\/tr\/wp-content\/uploads\/sites\/4\/2024\/04\/28Nisan2024_Haberdk_2.jpeg","jetpack_sharing_enabled":true,"_links":{"self":[{"href":"https:\/\/teid.dk\/tr\/wp-json\/wp\/v2\/posts\/249","targetHints":{"allow":["GET"]}}],"collection":[{"href":"https:\/\/teid.dk\/tr\/wp-json\/wp\/v2\/posts"}],"about":[{"href":"https:\/\/teid.dk\/tr\/wp-json\/wp\/v2\/types\/post"}],"author":[{"embeddable":true,"href":"https:\/\/teid.dk\/tr\/wp-json\/wp\/v2\/users\/1"}],"replies":[{"embeddable":true,"href":"https:\/\/teid.dk\/tr\/wp-json\/wp\/v2\/comments?post=249"}],"version-history":[{"count":2,"href":"https:\/\/teid.dk\/tr\/wp-json\/wp\/v2\/posts\/249\/revisions"}],"predecessor-version":[{"id":256,"href":"https:\/\/teid.dk\/tr\/wp-json\/wp\/v2\/posts\/249\/revisions\/256"}],"wp:featuredmedia":[{"embeddable":true,"href":"https:\/\/teid.dk\/tr\/wp-json\/wp\/v2\/media\/251"}],"wp:attachment":[{"href":"https:\/\/teid.dk\/tr\/wp-json\/wp\/v2\/media?parent=249"}],"wp:term":[{"taxonomy":"category","embeddable":true,"href":"https:\/\/teid.dk\/tr\/wp-json\/wp\/v2\/categories?post=249"},{"taxonomy":"post_tag","embeddable":true,"href":"https:\/\/teid.dk\/tr\/wp-json\/wp\/v2\/tags?post=249"}],"curies":[{"name":"wp","href":"https:\/\/api.w.org\/{rel}","templated":true}]}}