{"id":292,"date":"2024-10-27T21:30:00","date_gmt":"2024-10-27T21:30:00","guid":{"rendered":"https:\/\/teid.dk\/tr\/?p=292"},"modified":"2024-10-30T17:53:37","modified_gmt":"2024-10-30T17:53:37","slug":"haber-dk-kopenhagda-cumhuriyetin-101-yili-coskusu","status":"publish","type":"post","link":"https:\/\/teid.dk\/tr\/2024\/10\/27\/haber-dk-kopenhagda-cumhuriyetin-101-yili-coskusu\/","title":{"rendered":"Haber.dk: Kopenhag\u2019da Cumhuriyet\u2019in 101. y\u0131l\u0131 co\u015fkusu"},"content":{"rendered":"\n<p><strong>Danimarka\u2019daki T\u00fcrk toplulu\u011fu, 27 Ekim Pazar g\u00fcn\u00fc Cumhuriyet Bayram\u0131\u2019n\u0131n co\u015fkusunu payla\u015fmak \u00fczere T\u00fcrkiye Expatlar Derne\u011fi\u2019nin (TE\u0130D) organizasyonunda bir araya geldi ve bu \u00f6zel g\u00fcn\u00fc \u00e7e\u015fitli etkinliklerle kutlad\u0131.<\/strong><\/p>\n\n\n\n<figure class=\"wp-block-image size-full\"><img loading=\"lazy\" decoding=\"async\" width=\"740\" height=\"440\" src=\"https:\/\/teid.dk\/tr\/wp-content\/uploads\/sites\/4\/2024\/10\/27Ekim2024_Haberdk_1.jpg\" alt=\"\" class=\"wp-image-293\" srcset=\"https:\/\/teid.dk\/tr\/wp-content\/uploads\/sites\/4\/2024\/10\/27Ekim2024_Haberdk_1.jpg 740w, https:\/\/teid.dk\/tr\/wp-content\/uploads\/sites\/4\/2024\/10\/27Ekim2024_Haberdk_1-300x178.jpg 300w\" sizes=\"auto, (max-width: 740px) 100vw, 740px\" \/><\/figure>\n\n\n\n<p>KOPENHAG \u2013 T\u00fcrkiye Expatlar Derne\u011fi\u2019nin (TE\u0130D) organizasyonuyla ger\u00e7ekle\u015fen Cumhuriyet\u2019in 101. y\u0131l\u0131 etkinli\u011fi Danimarka\u2019n\u0131n ba\u015fkenti Kopenhag\u2019da b\u00fcy\u00fck bir co\u015fku i\u00e7inde kutland\u0131.<\/p>\n\n\n\n<figure class=\"wp-block-image size-full\"><img loading=\"lazy\" decoding=\"async\" width=\"740\" height=\"399\" src=\"https:\/\/teid.dk\/tr\/wp-content\/uploads\/sites\/4\/2024\/10\/27Ekim2024_Haberdk_2.jpg\" alt=\"\" class=\"wp-image-294\" srcset=\"https:\/\/teid.dk\/tr\/wp-content\/uploads\/sites\/4\/2024\/10\/27Ekim2024_Haberdk_2.jpg 740w, https:\/\/teid.dk\/tr\/wp-content\/uploads\/sites\/4\/2024\/10\/27Ekim2024_Haberdk_2-300x162.jpg 300w\" sizes=\"auto, (max-width: 740px) 100vw, 740px\" \/><\/figure>\n\n\n\n<p>TE\u0130D organizasyonuyla, ATA ve DTBA derneklerinin deste\u011fiyle d\u00fczenlenen ve Cumhuriyet\u2019in 101. y\u0131l\u0131n\u0131n kutland\u0131\u011f\u0131 etkinlik, 27 Ekim Pazar g\u00fcn\u00fc Kopenhag\u2019daki Vanl\u00f6se K\u00fclt\u00fcr Merkezi\u2019nde ger\u00e7ekle\u015fti.<\/p>\n\n\n\n<figure class=\"wp-block-image size-full\"><img loading=\"lazy\" decoding=\"async\" width=\"740\" height=\"424\" src=\"https:\/\/teid.dk\/tr\/wp-content\/uploads\/sites\/4\/2024\/10\/27Ekim2024_Haberdk_3.jpg\" alt=\"\" class=\"wp-image-295\" srcset=\"https:\/\/teid.dk\/tr\/wp-content\/uploads\/sites\/4\/2024\/10\/27Ekim2024_Haberdk_3.jpg 740w, https:\/\/teid.dk\/tr\/wp-content\/uploads\/sites\/4\/2024\/10\/27Ekim2024_Haberdk_3-300x172.jpg 300w\" sizes=\"auto, (max-width: 740px) 100vw, 740px\" \/><\/figure>\n\n\n\n<p>Kutlamalarda T\u00fcrkiye\u2019nin Kopenhag B\u00fcy\u00fckel\u00e7isi R\u0131za Hakan Tekin ve e\u015fi Nazan Tekin ba\u015fta olmak \u00fczere Danimarka\u2019da ya\u015fayan T\u00fcrk toplumu, devlet g\u00f6revlileri ve baz\u0131 Danimarkal\u0131 kamu yetkilileri de haz\u0131r bulundu.<\/p>\n\n\n\n<p>B\u00fcy\u00fckel\u00e7i Tekin, g\u00fcn\u00fcn anlam ve \u00f6nemine dair yapt\u0131\u011f\u0131 konu\u015fmada, Cumhuriyetin k\u00f6kl\u00fc de\u011ferlerini vurgularken, T\u00fcrkiye ve Danimarka aras\u0131ndaki dostluk ba\u011flar\u0131n\u0131n g\u00fc\u00e7lenmesine de\u011findi.<\/p>\n\n\n\n<figure class=\"wp-block-image size-full\"><img loading=\"lazy\" decoding=\"async\" width=\"740\" height=\"435\" src=\"https:\/\/teid.dk\/tr\/wp-content\/uploads\/sites\/4\/2024\/10\/27Ekim2024_Haberdk_4.jpg\" alt=\"\" class=\"wp-image-296\" srcset=\"https:\/\/teid.dk\/tr\/wp-content\/uploads\/sites\/4\/2024\/10\/27Ekim2024_Haberdk_4.jpg 740w, https:\/\/teid.dk\/tr\/wp-content\/uploads\/sites\/4\/2024\/10\/27Ekim2024_Haberdk_4-300x176.jpg 300w\" sizes=\"auto, (max-width: 740px) 100vw, 740px\" \/><\/figure>\n\n\n\n<p>\u00c7ocuklar\u0131n sahne alarak \u015fark\u0131lar s\u00f6yledi\u011fi ve \u015fiirler okudu\u011fu bu \u00f6zel g\u00fcn, izleyicilere duygu dolu anlar ya\u015fatt\u0131.<\/p>\n\n\n\n<p>Program kapsam\u0131nda g\u00fcn\u00fcn anlam\u0131n\u0131 yans\u0131tan konu\u015fmalar yap\u0131ld\u0131, mar\u015flar s\u00f6ylendi ve \u00e7ocuklara y\u00f6nelik \u00e7e\u015fitli etkinlikler d\u00fczenlendi.<\/p>\n\n\n\n<figure class=\"wp-block-image size-full\"><img loading=\"lazy\" decoding=\"async\" width=\"740\" height=\"425\" src=\"https:\/\/teid.dk\/tr\/wp-content\/uploads\/sites\/4\/2024\/10\/27Ekim2024_Haberdk_5.jpg\" alt=\"\" class=\"wp-image-297\" srcset=\"https:\/\/teid.dk\/tr\/wp-content\/uploads\/sites\/4\/2024\/10\/27Ekim2024_Haberdk_5.jpg 740w, https:\/\/teid.dk\/tr\/wp-content\/uploads\/sites\/4\/2024\/10\/27Ekim2024_Haberdk_5-300x172.jpg 300w\" sizes=\"auto, (max-width: 740px) 100vw, 740px\" \/><\/figure>\n\n\n\n<p>Etkinlik boyunca, Danimarka\u2019daki T\u00fcrk toplumu hem Cumhuriyet\u2019in de\u011ferlerini y\u00e2d etti hem de \u00e7ocuklar\u0131n performanslar\u0131yla gelecek nesillere y\u00f6nelik umutlar\u0131n\u0131&nbsp;peki\u015ftirdi.<\/p>\n\n\n\n<p>Etkinlik salon kapasitesi 200 ki\u015fi ile s\u0131n\u0131rl\u0131 tutulmu\u015f olmas\u0131na ra\u011fmen yo\u011fun bir ilgi g\u00f6rd\u00fc.<\/p>\n\n\n\n<figure class=\"wp-block-image size-full\"><img loading=\"lazy\" decoding=\"async\" width=\"740\" height=\"448\" src=\"https:\/\/teid.dk\/tr\/wp-content\/uploads\/sites\/4\/2024\/10\/27Ekim2024_Haberdk_6.jpg\" alt=\"\" class=\"wp-image-298\" srcset=\"https:\/\/teid.dk\/tr\/wp-content\/uploads\/sites\/4\/2024\/10\/27Ekim2024_Haberdk_6.jpg 740w, https:\/\/teid.dk\/tr\/wp-content\/uploads\/sites\/4\/2024\/10\/27Ekim2024_Haberdk_6-300x182.jpg 300w\" sizes=\"auto, (max-width: 740px) 100vw, 740px\" \/><\/figure>\n\n\n\n<p><em><strong>Foto\u011fraflar: T\u00fclay \u00c7etinkaya Sara\u00e7o\u011flu, TE\u0130D<\/strong><\/em><\/p>\n\n\n\n<p>Kaynak: <a href=\"https:\/\/haber.dk\/kopenhagda-cumhuriyetin-101-yili-coskusu\/35976\">https:\/\/haber.dk\/kopenhagda-cumhuriyetin-101-yili-coskusu\/35976<\/a><\/p>\n","protected":false},"excerpt":{"rendered":"<p>Danimarka\u2019daki T\u00fcrk toplulu\u011fu, 27 Ekim Pazar g\u00fcn\u00fc Cumhuriyet Bayram\u0131\u2019n\u0131n co\u015fkusunu payla\u015fmak \u00fczere T\u00fcrkiye Expatlar Derne\u011fi\u2019nin (TE\u0130D) organizasyonunda bir araya geldi ve bu \u00f6zel g\u00fcn\u00fc \u00e7e\u015fitli etkinliklerle kutlad\u0131. KOPENHAG \u2013 T\u00fcrkiye Expatlar Derne\u011fi\u2019nin (TE\u0130D) organizasyonuyla ger\u00e7ekle\u015fen Cumhuriyet\u2019in 101. y\u0131l\u0131 etkinli\u011fi Danimarka\u2019n\u0131n ba\u015fkenti Kopenhag\u2019da b\u00fcy\u00fck bir co\u015fku i\u00e7inde kutland\u0131. TE\u0130D organizasyonuyla, ATA ve DTBA derneklerinin deste\u011fiyle d\u00fczenlenen [&hellip;]<\/p>\n","protected":false},"author":1,"featured_media":295,"comment_status":"open","ping_status":"open","sticky":false,"template":"","format":"standard","meta":{"site-container-style":"default","site-container-layout":"default","site-sidebar-layout":"default","disable-article-header":"default","disable-site-header":"default","disable-site-footer":"default","disable-content-area-spacing":"default","_jetpack_memberships_contains_paid_content":false,"footnotes":""},"categories":[3],"tags":[],"class_list":["post-292","post","type-post","status-publish","format-standard","has-post-thumbnail","hentry","category-basinda-biz"],"jetpack_featured_media_url":"https:\/\/teid.dk\/tr\/wp-content\/uploads\/sites\/4\/2024\/10\/27Ekim2024_Haberdk_3.jpg","jetpack_sharing_enabled":true,"_links":{"self":[{"href":"https:\/\/teid.dk\/tr\/wp-json\/wp\/v2\/posts\/292","targetHints":{"allow":["GET"]}}],"collection":[{"href":"https:\/\/teid.dk\/tr\/wp-json\/wp\/v2\/posts"}],"about":[{"href":"https:\/\/teid.dk\/tr\/wp-json\/wp\/v2\/types\/post"}],"author":[{"embeddable":true,"href":"https:\/\/teid.dk\/tr\/wp-json\/wp\/v2\/users\/1"}],"replies":[{"embeddable":true,"href":"https:\/\/teid.dk\/tr\/wp-json\/wp\/v2\/comments?post=292"}],"version-history":[{"count":1,"href":"https:\/\/teid.dk\/tr\/wp-json\/wp\/v2\/posts\/292\/revisions"}],"predecessor-version":[{"id":299,"href":"https:\/\/teid.dk\/tr\/wp-json\/wp\/v2\/posts\/292\/revisions\/299"}],"wp:featuredmedia":[{"embeddable":true,"href":"https:\/\/teid.dk\/tr\/wp-json\/wp\/v2\/media\/295"}],"wp:attachment":[{"href":"https:\/\/teid.dk\/tr\/wp-json\/wp\/v2\/media?parent=292"}],"wp:term":[{"taxonomy":"category","embeddable":true,"href":"https:\/\/teid.dk\/tr\/wp-json\/wp\/v2\/categories?post=292"},{"taxonomy":"post_tag","embeddable":true,"href":"https:\/\/teid.dk\/tr\/wp-json\/wp\/v2\/tags?post=292"}],"curies":[{"name":"wp","href":"https:\/\/api.w.org\/{rel}","templated":true}]}}