{"id":300,"date":"2024-10-29T12:32:00","date_gmt":"2024-10-29T12:32:00","guid":{"rendered":"https:\/\/teid.dk\/tr\/?p=300"},"modified":"2024-10-30T17:58:07","modified_gmt":"2024-10-30T17:58:07","slug":"haber-dk-danimarkada-cumhuriyet-coskusu-araliksiz-devam-ediyor","status":"publish","type":"post","link":"https:\/\/teid.dk\/tr\/2024\/10\/29\/haber-dk-danimarkada-cumhuriyet-coskusu-araliksiz-devam-ediyor\/","title":{"rendered":"Haber.dk: Danimarka\u2019da Cumhuriyet co\u015fkusu aral\u0131ks\u0131z devam ediyor"},"content":{"rendered":"\n<p><strong>Cumhuriyet\u2019in 101. y\u0131l\u0131 kutlamalar\u0131 t\u00fcm T\u00fcrkiye\u2019de ve yurtd\u0131\u015f\u0131ndaki T\u00fcrk temsilciliklerinde oldu\u011fu gibi Danimarka\u2019da da co\u015fkuyla aral\u0131ks\u0131z devam ediyor.<\/strong><\/p>\n\n\n\n<figure class=\"wp-block-image size-full\"><img loading=\"lazy\" decoding=\"async\" width=\"740\" height=\"420\" src=\"https:\/\/teid.dk\/tr\/wp-content\/uploads\/sites\/4\/2024\/10\/29Ekim2024_Haberdk.jpg\" alt=\"\" class=\"wp-image-301\" srcset=\"https:\/\/teid.dk\/tr\/wp-content\/uploads\/sites\/4\/2024\/10\/29Ekim2024_Haberdk.jpg 740w, https:\/\/teid.dk\/tr\/wp-content\/uploads\/sites\/4\/2024\/10\/29Ekim2024_Haberdk-300x170.jpg 300w\" sizes=\"auto, (max-width: 740px) 100vw, 740px\" \/><\/figure>\n\n\n\n<p>KOPENHAG \u2013 T\u00fcrkiye Cumhuriyeti\u2019nin kurulu\u015funun 101. y\u0131ld\u00f6n\u00fcm\u00fc kutlamalar\u0131 daha \u00f6nceki y\u0131llarda oldu\u011fu gibi bu y\u0131l da Danimarka\u2019da erken ba\u015flad\u0131.<\/p>\n\n\n\n<p>Kutlamalar, \u00fclkedeki T\u00fcrk sivil toplum kurulu\u015flar\u0131 ve T.C Kopenhag B\u00fcy\u00fckel\u00e7ili\u011fi\u2019nin farkl\u0131 g\u00fcnlerde ardarda d\u00fczenledikleri etkinliklerle ba\u015flad\u0131 ve kutlamalar Kas\u0131m ay\u0131 ba\u015flar\u0131nda da devam edecek.<\/p>\n\n\n\n<p>\u0130lk kutlama, T\u00fcrkiye Expatlar Derne\u011fi\u2019nin (TE\u0130D) organizasyonunda 27 Ekim Pazar g\u00fcn\u00fc ger\u00e7ekle\u015fti. TE\u0130D organizasyonuyla, ATA ve DTBA derneklerinin deste\u011fiyle Cumhuriyet\u2019in 101. y\u0131l\u0131n\u0131n kutland\u0131\u011f\u0131 etkinlik, ba\u015fkent Kopenhag\u2019daki Vanl\u00f6se K\u00fclt\u00fcr Merkezi\u2019nde ger\u00e7ekle\u015fti.<\/p>\n\n\n\n<p>Program kapsam\u0131nda g\u00fcn\u00fcn anlam\u0131n\u0131 yans\u0131tan konu\u015fmalar yap\u0131ld\u0131, mar\u015flar s\u00f6ylendi ve \u00e7ocuklara y\u00f6nelik \u00e7e\u015fitli etkinlikler d\u00fczenlendi. \u00c7ocuklar sahne alarak \u015fark\u0131lar s\u00f6yledi ve \u015fiirler okudu.<\/p>\n\n\n\n<p>\u0130kinci b\u00fcy\u00fck Cumhuriyet Bayram\u0131 kutlamas\u0131, Kopenhag B\u00fcy\u00fckel\u00e7isi R. Hakan Tekin ve e\u015fi Nazan Tekin\u2019in 28 Ekim Pazartesi g\u00fcn\u00fc ba\u015fkent Kopenhag\u2019daki tarihi Odd Fellow Pallaet\u2019te (Odd Fellow Kona\u011f\u0131) verdi\u011fi bir resepsiyonla ger\u00e7ekle\u015fti.<\/p>\n\n\n\n<p>Kopenhag B\u00fcy\u00fckel\u00e7ili\u011fi\u2019nin resepsiyonuna, Danimarkal\u0131 \u00fcst d\u00fczey yetkililer, \u00e7e\u015fitli \u00fclke b\u00fcy\u00fckel\u00e7ileri, diplomatik \u00e7evreler, yabanc\u0131 misyon \u015fefleri, Danimarka\u2019daki baz\u0131 T\u00fcrk dernek ve sivil toplum kurulu\u015fu temsilcileri ve soyda\u015flar\u0131m\u0131z\u0131n temsilcileri kat\u0131ld\u0131.<\/p>\n\n\n\n<p>\u00dc\u00e7\u00fcnc\u00fc kutlama ise, <strong>\u201dCumhuriyetimiz 101 Ya\u015f\u0131nda\u201d<\/strong> ad\u0131 alt\u0131nda 8 Kas\u0131m Cuma g\u00fcn\u00fc ba\u015fkent Kopenhag ve 9 Kas\u0131m Cumartesi g\u00fcn\u00fc de Aarhus kentinde yap\u0131lacak.<\/p>\n\n\n\n<p>Danimarka T\u00fcrk Sosyal Demokratlar Birli\u011fi (TSED, Tyrkiske Socialdemokratisk Enhed i Danmark), B\u00f6lgesel \u0130nisiyatifler ve CHP Danimarka Birli\u011fi\u2019nin ortak d\u00fczenledi\u011fi kutlamaya, t\u00fcm yurtta\u015flar\u0131m\u0131z\u0131n davetli oldu\u011fu bildirildi. Cumhuriyet bayram\u0131 kutlamalar\u0131na konuk olarak sinema oyuncusu ve Etimesgut Belediye Ba\u015fkan\u0131 Erdal Be\u015fik\u00e7io\u011flu, sanat\u00e7\u0131 Erdal G\u00fcney, Hilal Kaya, Feyyaz \u00d6ztufan ve Devren Al\u0131c\u0131 kat\u0131l\u0131yor.<\/p>\n\n\n\n<p>Kaynak: <a href=\"https:\/\/haber.dk\/danimarkada-cumhuriyet-coskusu-araliksiz-devam-ediyor\/36007\">https:\/\/haber.dk\/danimarkada-cumhuriyet-coskusu-araliksiz-devam-ediyor\/36007<\/a><\/p>\n","protected":false},"excerpt":{"rendered":"<p>Cumhuriyet\u2019in 101. y\u0131l\u0131 kutlamalar\u0131 t\u00fcm T\u00fcrkiye\u2019de ve yurtd\u0131\u015f\u0131ndaki T\u00fcrk temsilciliklerinde oldu\u011fu gibi Danimarka\u2019da da co\u015fkuyla aral\u0131ks\u0131z devam ediyor. KOPENHAG \u2013 T\u00fcrkiye Cumhuriyeti\u2019nin kurulu\u015funun 101. y\u0131ld\u00f6n\u00fcm\u00fc kutlamalar\u0131 daha \u00f6nceki y\u0131llarda oldu\u011fu gibi bu y\u0131l da Danimarka\u2019da erken ba\u015flad\u0131. Kutlamalar, \u00fclkedeki T\u00fcrk sivil toplum kurulu\u015flar\u0131 ve T.C Kopenhag B\u00fcy\u00fckel\u00e7ili\u011fi\u2019nin farkl\u0131 g\u00fcnlerde ardarda d\u00fczenledikleri etkinliklerle ba\u015flad\u0131 ve kutlamalar [&hellip;]<\/p>\n","protected":false},"author":1,"featured_media":301,"comment_status":"open","ping_status":"open","sticky":false,"template":"","format":"standard","meta":{"site-container-style":"default","site-container-layout":"default","site-sidebar-layout":"default","disable-article-header":"default","disable-site-header":"default","disable-site-footer":"default","disable-content-area-spacing":"default","_jetpack_memberships_contains_paid_content":false,"footnotes":""},"categories":[3],"tags":[],"class_list":["post-300","post","type-post","status-publish","format-standard","has-post-thumbnail","hentry","category-basinda-biz"],"jetpack_featured_media_url":"https:\/\/teid.dk\/tr\/wp-content\/uploads\/sites\/4\/2024\/10\/29Ekim2024_Haberdk.jpg","jetpack_sharing_enabled":true,"_links":{"self":[{"href":"https:\/\/teid.dk\/tr\/wp-json\/wp\/v2\/posts\/300","targetHints":{"allow":["GET"]}}],"collection":[{"href":"https:\/\/teid.dk\/tr\/wp-json\/wp\/v2\/posts"}],"about":[{"href":"https:\/\/teid.dk\/tr\/wp-json\/wp\/v2\/types\/post"}],"author":[{"embeddable":true,"href":"https:\/\/teid.dk\/tr\/wp-json\/wp\/v2\/users\/1"}],"replies":[{"embeddable":true,"href":"https:\/\/teid.dk\/tr\/wp-json\/wp\/v2\/comments?post=300"}],"version-history":[{"count":1,"href":"https:\/\/teid.dk\/tr\/wp-json\/wp\/v2\/posts\/300\/revisions"}],"predecessor-version":[{"id":302,"href":"https:\/\/teid.dk\/tr\/wp-json\/wp\/v2\/posts\/300\/revisions\/302"}],"wp:featuredmedia":[{"embeddable":true,"href":"https:\/\/teid.dk\/tr\/wp-json\/wp\/v2\/media\/301"}],"wp:attachment":[{"href":"https:\/\/teid.dk\/tr\/wp-json\/wp\/v2\/media?parent=300"}],"wp:term":[{"taxonomy":"category","embeddable":true,"href":"https:\/\/teid.dk\/tr\/wp-json\/wp\/v2\/categories?post=300"},{"taxonomy":"post_tag","embeddable":true,"href":"https:\/\/teid.dk\/tr\/wp-json\/wp\/v2\/tags?post=300"}],"curies":[{"name":"wp","href":"https:\/\/api.w.org\/{rel}","templated":true}]}}