{"id":96,"date":"2023-10-29T20:00:00","date_gmt":"2023-10-29T20:00:00","guid":{"rendered":"https:\/\/teid.dk\/tr\/?p=96"},"modified":"2023-11-05T14:57:47","modified_gmt":"2023-11-05T14:57:47","slug":"kopenhagda-100-yil-coskusu","status":"publish","type":"post","link":"https:\/\/teid.dk\/tr\/2023\/10\/29\/kopenhagda-100-yil-coskusu\/","title":{"rendered":"Haber.dk: Kopenhag\u2019da 100. y\u0131l co\u015fkusu"},"content":{"rendered":"\n<p>Cumhuriyeti\u2019mizin 100. y\u0131l\u0131 Danimarka\u2019n\u0131n ba\u015fkenti Kopenhag\u2019da kutlanmaya devam ediyor. Danimarka 101 platformu ya da di\u011fer ad\u0131yla T\u00fcrk Expatlar Derne\u011fi taraf\u0131ndan bug\u00fcn d\u00fczenlenen kutlama etkinli\u011fi b\u00fcy\u00fck bir kat\u0131l\u0131m ve co\u015fkuyla ger\u00e7ekle\u015fti.<\/p>\n\n\n\n<figure class=\"wp-block-image size-full\"><img loading=\"lazy\" decoding=\"async\" width=\"740\" height=\"429\" src=\"https:\/\/teid.dk\/tr\/wp-content\/uploads\/sites\/4\/2023\/11\/29Ekim2023_BasindaBiz_1.jpg\" alt=\"\" class=\"wp-image-101\" srcset=\"https:\/\/teid.dk\/tr\/wp-content\/uploads\/sites\/4\/2023\/11\/29Ekim2023_BasindaBiz_1.jpg 740w, https:\/\/teid.dk\/tr\/wp-content\/uploads\/sites\/4\/2023\/11\/29Ekim2023_BasindaBiz_1-300x174.jpg 300w\" sizes=\"auto, (max-width: 740px) 100vw, 740px\" \/><figcaption class=\"wp-element-caption\">T.C. Kopenhag B\u00fcy\u00fckel\u00e7isi R. Hakan Tekin elinde T\u00fcrk bayra\u011f\u0131 ile \u00e7ocuklarla birlikte mar\u015flara e\u015flik etti.<br>Foto: \u0130rfan Kurtulmu\u015f<\/figcaption><\/figure>\n\n\n\n<p>KOPENHAG \u2013 Cumhuriyetimizin ilan\u0131n\u0131n 100. Y\u0131l\u0131 kutlamalar\u0131 Danimarka\u2019da devam ediyor.<\/p>\n\n\n\n<p>T.C. Kopenhag B\u00fcy\u00fckel\u00e7isi R. Hakan Tekin ve e\u015fi Nazan Tekin\u2019in ev sahipli\u011finde Cuma g\u00fcn\u00fc yap\u0131lan 29 Ekim resepsiyonu ard\u0131ndan, \u00fclkede ya\u015fayan expatlar\u0131n platformu Danimarka 101 taraf\u0131ndan ger\u00e7ekle\u015fen 29 Ekim Cumhuriyet Bayram\u0131 ve Cumhuriyet\u2019in y\u00fcz\u00fcnc\u00fc y\u0131l\u0131n\u0131 kutlama etkinlikleri b\u00fcy\u00fck bir co\u015fkuyla ger\u00e7ekle\u015fti.<\/p>\n\n\n\n<figure class=\"wp-block-image size-full\"><img loading=\"lazy\" decoding=\"async\" width=\"740\" height=\"439\" src=\"https:\/\/teid.dk\/tr\/wp-content\/uploads\/sites\/4\/2023\/11\/29Ekim2023_BasindaBiz_2.jpg\" alt=\"\" class=\"wp-image-102\" srcset=\"https:\/\/teid.dk\/tr\/wp-content\/uploads\/sites\/4\/2023\/11\/29Ekim2023_BasindaBiz_2.jpg 740w, https:\/\/teid.dk\/tr\/wp-content\/uploads\/sites\/4\/2023\/11\/29Ekim2023_BasindaBiz_2-300x178.jpg 300w\" sizes=\"auto, (max-width: 740px) 100vw, 740px\" \/><figcaption class=\"wp-element-caption\">Foto: \u0130rfan Kurtulmu\u015f<\/figcaption><\/figure>\n\n\n\n<p>Kutlama etkinliklerine B\u00fcy\u00fckel\u00e7i R. Hakan Tekin ve e\u015fi Nazan Tekin ile m\u00fcste\u015farlar, m\u00fc\u015favirler, b\u00fcy\u00fckel\u00e7ilik ve konsolosluk \u00e7al\u0131\u015fanlar\u0131n\u0131n yan\u0131s\u0131ra Danimarka 101 platformu \u00fcyeleri, aileleri ile birlikte kat\u0131ld\u0131.<\/p>\n\n\n\n<p>Danimarka 101 platformu ya da T\u00fcrk Expatlar Derne\u011fi (TEID) taraf\u0131ndan d\u00fczenlenen kutlama etkinli\u011fi, bir dakikal\u0131k sayg\u0131 duru\u015fu ve ard\u0131ndan okunan \u0130stiklal Mar\u015f\u0131 ile ba\u015flad\u0131.<\/p>\n\n\n\n<figure class=\"wp-block-image size-full\"><img loading=\"lazy\" decoding=\"async\" width=\"740\" height=\"424\" src=\"https:\/\/teid.dk\/tr\/wp-content\/uploads\/sites\/4\/2023\/11\/29Ekim2023_BasindaBiz_3.jpg\" alt=\"\" class=\"wp-image-103\" srcset=\"https:\/\/teid.dk\/tr\/wp-content\/uploads\/sites\/4\/2023\/11\/29Ekim2023_BasindaBiz_3.jpg 740w, https:\/\/teid.dk\/tr\/wp-content\/uploads\/sites\/4\/2023\/11\/29Ekim2023_BasindaBiz_3-300x172.jpg 300w\" sizes=\"auto, (max-width: 740px) 100vw, 740px\" \/><figcaption class=\"wp-element-caption\">Foto: Haber.dk<\/figcaption><\/figure>\n\n\n\n<p>Danimarka T\u00fcrk Expatlar Derne\u011fi (Teid) Danimarka101 \u00fcyelerine sundu\u011fu bir rehber platformdur. Bu platform TC Kopenhag Ticaret M\u00fc\u015favirli\u011fi rehberli\u011finde 2020 y\u0131l\u0131nda kuruldu.<\/p>\n\n\n\n<figure class=\"wp-block-image size-full\"><img loading=\"lazy\" decoding=\"async\" width=\"740\" height=\"429\" src=\"https:\/\/teid.dk\/tr\/wp-content\/uploads\/sites\/4\/2023\/11\/29Ekim2023_BasindaBiz_4.jpg\" alt=\"\" class=\"wp-image-104\" srcset=\"https:\/\/teid.dk\/tr\/wp-content\/uploads\/sites\/4\/2023\/11\/29Ekim2023_BasindaBiz_4.jpg 740w, https:\/\/teid.dk\/tr\/wp-content\/uploads\/sites\/4\/2023\/11\/29Ekim2023_BasindaBiz_4-300x174.jpg 300w\" sizes=\"auto, (max-width: 740px) 100vw, 740px\" \/><figcaption class=\"wp-element-caption\">Foto: Haber.dk<\/figcaption><\/figure>\n\n\n\n<p>Beyaz yakal\u0131lar ya da nitelikli g\u00f6\u00e7men diye de adland\u0131r\u0131lan expatlar T\u00fcrkiye\u2019den Danimarka\u2019ya beyaz yakal\u0131 olarak \u00e7al\u0131\u015fmaya ya da e\u011fitim ama\u00e7l\u0131 gelen profesyonel, akademisyen ve \u00f6\u011frencilerden olu\u015fan bir topluluk. \u2019Danimarka 101\u2019 ad\u0131ndaki ba\u011f\u0131ms\u0131z platform ise bu sebeplerle gelenlerin \u00fclkeye kolayca adapte olabilmelerini sa\u011flamak amac\u0131yla kurulmu\u015f bir platform.<\/p>\n\n\n\n<p>Bu toplulu\u011fun amac\u0131 Danimarka\u2019ya adapte s\u00fcrecinde \u00fcyelerin birbirlerine destek ve ileti\u015fim halinde olmas\u0131n\u0131 sa\u011flamak.<\/p>\n\n\n\n<p>Bu ba\u011f\u0131ms\u0131z platform sayesinde T\u00fcrkiye\u2019den gelen yeni ki\u015filer g\u00fcnl\u00fck hayata dair bir \u00e7ok bilgiden kar\u015f\u0131l\u0131kl\u0131 olarak faydalan\u0131yor ve hatta i\u015flerinde yeni ba\u011flant\u0131lar da kurabiliyorlar.<\/p>\n\n\n\n<figure class=\"wp-block-image size-full\"><img loading=\"lazy\" decoding=\"async\" width=\"740\" height=\"434\" src=\"https:\/\/teid.dk\/tr\/wp-content\/uploads\/sites\/4\/2023\/11\/29Ekim2023_BasindaBiz_5.jpg\" alt=\"\" class=\"wp-image-105\" srcset=\"https:\/\/teid.dk\/tr\/wp-content\/uploads\/sites\/4\/2023\/11\/29Ekim2023_BasindaBiz_5.jpg 740w, https:\/\/teid.dk\/tr\/wp-content\/uploads\/sites\/4\/2023\/11\/29Ekim2023_BasindaBiz_5-300x176.jpg 300w\" sizes=\"auto, (max-width: 740px) 100vw, 740px\" \/><figcaption class=\"wp-element-caption\">Foto: Haber.dk<\/figcaption><\/figure>\n\n\n\n<p>Etkinlikte, Kopenhag B\u00fcy\u00fckel\u00e7isi Tekin k\u0131sa bir konu\u015fma yapt\u0131.<\/p>\n\n\n\n<p>Kutlama etkinli\u011fine kat\u0131lmaktan duydu\u011fu memnuniyeti dile getiren B\u00fcy\u00fckel\u00e7i Tekin,\u201dSalona girer girmez bu co\u015fkulu ortam\u0131 g\u00f6rmek beni ger\u00e7ekten heyecanland\u0131rd\u0131, mutlu etti. Bayra\u011f\u0131m\u0131z, Atat\u00fcrk\u2019\u00fcm\u00fcz, k\u0131rm\u0131z\u0131-beyaz renklerin a\u011f\u0131rl\u0131kta oldu\u011fu k\u0131yafetleriniz, \u00e7ocuklar\u0131n\u0131z ile Kopenhag\u2019da 100. y\u0131l, hem de ayn\u0131 g\u00fcn kutlama yap\u0131yorsunuz. Eme\u011fi ge\u00e7en herkese \u00e7ok te\u015fekk\u00fcr ederim. Danimarka 101 derne\u011fine g\u00fczel etkinlikler koyduklar\u0131 i\u00e7in te\u015fekk\u00fcr etmek istiyorum. \u0130n\u015fallah, \u00e7ok farkl\u0131 vesilelerle, Cumhuriyet\u2019imizin y\u0131ld\u00f6n\u00fcmlerinde ve di\u011fer milli g\u00fcnlerimiz ve bayramlar\u0131m\u0131zda yine birlikte oluruz\u201d dedi.<\/p>\n\n\n\n<p>B\u00fcy\u00fckel\u00e7i Tekin konu\u015fmas\u0131n\u0131 \u201cCumhuriyet\u2019imiz d\u00fcn vard\u0131, bug\u00fcn var, yar\u0131n da var olacak. Ya\u015fas\u0131n Cumhuriyet!\u201d diyerek tamamlad\u0131.<\/p>\n\n\n\n<p>B\u00fcy\u00fckel\u00e7inin konu\u015fmas\u0131n\u0131n ard\u0131ndan video g\u00f6sterileri ve genel k\u00fclt\u00fcr sorular\u0131ndan olu\u015fan bir bilgi yar\u0131\u015fmas\u0131 yap\u0131ld\u0131. Yar\u0131\u015fmada, birinci gelen bir vatanda\u015f\u0131m\u0131z etkinlik sponsoru T\u00fcrk Hava Yollar\u0131\u2019ndan Kopenhag-\u0130stanbul u\u00e7ak bileti kazand\u0131.<\/p>\n\n\n\n<p>B\u00fcy\u00fckel\u00e7inin konu\u015fmas\u0131n\u0131n ard\u0131ndan kutlama etkinlerine gelen \u00e7ocuklar ellerinde T\u00fcrk bayraklar\u0131yla sahneye ak\u0131n edip, s\u00f6ylenen mar\u015flar e\u015fli\u011finde bayraklar\u0131n\u0131 sallayarak danslar etti.<\/p>\n\n\n\n<figure class=\"wp-block-image size-full\"><img loading=\"lazy\" decoding=\"async\" width=\"740\" height=\"449\" src=\"https:\/\/teid.dk\/tr\/wp-content\/uploads\/sites\/4\/2023\/11\/29Ekim2023_BasindaBiz_6.jpg\" alt=\"\" class=\"wp-image-106\" srcset=\"https:\/\/teid.dk\/tr\/wp-content\/uploads\/sites\/4\/2023\/11\/29Ekim2023_BasindaBiz_6.jpg 740w, https:\/\/teid.dk\/tr\/wp-content\/uploads\/sites\/4\/2023\/11\/29Ekim2023_BasindaBiz_6-300x182.jpg 300w\" sizes=\"auto, (max-width: 740px) 100vw, 740px\" \/><figcaption class=\"wp-element-caption\">Foto: Haber.dk<\/figcaption><\/figure>\n\n\n\n<p>Bu arada, salonda foto\u011fraf \u00e7ekilmek isteyenler i\u00e7in bir k\u00f6\u015fe haz\u0131rland\u0131 ve konuklar salondaki Cumhuriyet defterine Cumhuriyet\u2019in kendilerine ne ifade etti\u011fi konusunda yaz\u0131lar yazd\u0131.<\/p>\n\n\n\n<p>Derne\u011fe \u00fcye olmak isteyenler <a href=\"https:\/\/teid.dk\">https:\/\/teid.dk<\/a> adresinden \u00fcyelik formu doldurabilirler.<\/p>\n\n\n\n<figure class=\"wp-block-image size-full\"><img loading=\"lazy\" decoding=\"async\" width=\"740\" height=\"466\" src=\"https:\/\/teid.dk\/tr\/wp-content\/uploads\/sites\/4\/2023\/11\/29Ekim2023_BasindaBiz_7.jpg\" alt=\"\" class=\"wp-image-107\" srcset=\"https:\/\/teid.dk\/tr\/wp-content\/uploads\/sites\/4\/2023\/11\/29Ekim2023_BasindaBiz_7.jpg 740w, https:\/\/teid.dk\/tr\/wp-content\/uploads\/sites\/4\/2023\/11\/29Ekim2023_BasindaBiz_7-300x189.jpg 300w\" sizes=\"auto, (max-width: 740px) 100vw, 740px\" \/><figcaption class=\"wp-element-caption\">Foto: Haber.dk<\/figcaption><\/figure>\n\n\n\n<p>Kaynak: <a href=\"https:\/\/haber.dk\/kopenhagda-100-yil-coskusu\/31862\">https:\/\/haber.dk\/kopenhagda-100-yil-coskusu\/31862<\/a><\/p>\n","protected":false},"excerpt":{"rendered":"<p>Cumhuriyeti\u2019mizin 100. y\u0131l\u0131 Danimarka\u2019n\u0131n ba\u015fkenti Kopenhag\u2019da kutlanmaya devam ediyor. Danimarka 101 platformu ya da di\u011fer ad\u0131yla T\u00fcrk Expatlar Derne\u011fi taraf\u0131ndan bug\u00fcn d\u00fczenlenen kutlama etkinli\u011fi b\u00fcy\u00fck bir kat\u0131l\u0131m ve co\u015fkuyla ger\u00e7ekle\u015fti. KOPENHAG \u2013 Cumhuriyetimizin ilan\u0131n\u0131n 100. Y\u0131l\u0131 kutlamalar\u0131 Danimarka\u2019da devam ediyor. T.C. Kopenhag B\u00fcy\u00fckel\u00e7isi R. Hakan Tekin ve e\u015fi Nazan Tekin\u2019in ev sahipli\u011finde Cuma g\u00fcn\u00fc yap\u0131lan [&hellip;]<\/p>\n","protected":false},"author":1,"featured_media":101,"comment_status":"open","ping_status":"open","sticky":false,"template":"","format":"standard","meta":{"site-container-style":"default","site-container-layout":"default","site-sidebar-layout":"default","disable-article-header":"default","disable-site-header":"default","disable-site-footer":"default","disable-content-area-spacing":"default","_jetpack_memberships_contains_paid_content":false,"footnotes":""},"categories":[3],"tags":[],"class_list":["post-96","post","type-post","status-publish","format-standard","has-post-thumbnail","hentry","category-basinda-biz"],"jetpack_featured_media_url":"https:\/\/teid.dk\/tr\/wp-content\/uploads\/sites\/4\/2023\/11\/29Ekim2023_BasindaBiz_1.jpg","jetpack_sharing_enabled":true,"_links":{"self":[{"href":"https:\/\/teid.dk\/tr\/wp-json\/wp\/v2\/posts\/96","targetHints":{"allow":["GET"]}}],"collection":[{"href":"https:\/\/teid.dk\/tr\/wp-json\/wp\/v2\/posts"}],"about":[{"href":"https:\/\/teid.dk\/tr\/wp-json\/wp\/v2\/types\/post"}],"author":[{"embeddable":true,"href":"https:\/\/teid.dk\/tr\/wp-json\/wp\/v2\/users\/1"}],"replies":[{"embeddable":true,"href":"https:\/\/teid.dk\/tr\/wp-json\/wp\/v2\/comments?post=96"}],"version-history":[{"count":4,"href":"https:\/\/teid.dk\/tr\/wp-json\/wp\/v2\/posts\/96\/revisions"}],"predecessor-version":[{"id":143,"href":"https:\/\/teid.dk\/tr\/wp-json\/wp\/v2\/posts\/96\/revisions\/143"}],"wp:featuredmedia":[{"embeddable":true,"href":"https:\/\/teid.dk\/tr\/wp-json\/wp\/v2\/media\/101"}],"wp:attachment":[{"href":"https:\/\/teid.dk\/tr\/wp-json\/wp\/v2\/media?parent=96"}],"wp:term":[{"taxonomy":"category","embeddable":true,"href":"https:\/\/teid.dk\/tr\/wp-json\/wp\/v2\/categories?post=96"},{"taxonomy":"post_tag","embeddable":true,"href":"https:\/\/teid.dk\/tr\/wp-json\/wp\/v2\/tags?post=96"}],"curies":[{"name":"wp","href":"https:\/\/api.w.org\/{rel}","templated":true}]}}